{"id":10199,"date":"2024-02-27T17:26:04","date_gmt":"2024-02-27T15:26:04","guid":{"rendered":"https:\/\/actualidad.codere.com\/?p=10199"},"modified":"2024-02-28T11:09:30","modified_gmt":"2024-02-28T09:09:30","slug":"garantizando-la-proteccion-de-datos","status":"publish","type":"post","link":"https:\/\/actualidad.codere.com\/it\/2024\/02\/27\/garantizando-la-proteccion-de-datos\/","title":{"rendered":"Garantire la protezione dei dati"},"content":{"rendered":"<p><\/p>\n<p style=\"text-align: justify;\"><img fetchpriority=\"high\" decoding=\"async\" class=\"wp-image-10213 alignleft\" src=\"https:\/\/actualidad.codere.com\/wp-content\/uploads\/2024\/02\/proteccion-datos-feb24.png\" alt=\"\" width=\"300\" height=\"200\" \/><\/p>\n<p style=\"text-align: justify;\">Con una nuova struttura organizzativa e un approccio globale, promuoviamo una responsabilit\u00e0 condivisa relativa ai i dati personali.<\/p>\n<p style=\"text-align: justify;\"><!--more--><\/p>\n<p style=\"text-align: justify;\"><!--noteaser--><\/p>\n<p><img decoding=\"async\" class=\"alignnone wp-image-10213 size-full\" src=\"https:\/\/actualidad.codere.com\/wp-content\/uploads\/2024\/02\/proteccion-datos-feb24.png\" alt=\"\" width=\"1334\" height=\"888\" \/><\/p>\n<p><strong>Madrid, 28 febbraio 2024.-\u00a0<\/strong> Nel contesto dinamico odierno, la privacy e la protezione dei dati sono impegni fondamentali per la nostra azienda. In Codere, ci adattiamo costantemente ai cambiamenti in questo settore, non solo per la natura specifica della nostra industria e per le diverse attivit\u00e0 dell&#8217;azienda con terzi, ma anche per la vertiginosa evoluzione delle normative e della tecnologia.<\/p>\n<h5><strong>Un team potenziato per affrontare il cambiamento<\/strong><\/h5>\n<p>Per affrontare queste sfide, abbiamo potenziato il nostro team e ristrutturato il nostro approccio alla privacy. Sette anni dopo la creazione dell\u2019area Protezione dei Dati, la nomina di un Responsabile della Protezione dei Dati (DPO) del Gruppo Codere e l\u2019istituzione di un Ufficio DPO, ci stiamo muovendo verso un nuovo modello di governance della privacy che riflette questo costante adattamento con un nuovo struttura.<\/p>\n<p>Per <strong>Javier Lomas, DPO del Gruppo Codere<\/strong>, &#8220;Questo settore ha acquisito un&#8217;importanza strategica garantendo la conformit\u00e0 normativa e fungendo da ponte tra l&#8217;azienda, gli utenti e le autorit\u00e0 di regolamentazione. Questo ruolo \u00e8 fondamentale per costruire la fiducia dei clienti e mantenere la reputazione a livello corporativo, in un mercato in cui la privacy si traduce in competitivit\u00e0. Inoltre, abbiamo rafforzato la consapevolezza dei nostri collaboratori sulla protezione dei dati, comprendendo che la collaborazione tra dipartimenti e la formazione continua sono essenziali per il nostro adattamento alle nuove realt\u00e0&#8221;.<\/p>\n<p>Recentemente abbiamo apportato modifiche organizzative significative, come la riorganizzazione interna del team dedicato alla<em> Privacy<\/em> all&#8217;inizio di quest&#8217;anno. Ora, i Direttori <em>Compliance<\/em> Latam e Italia si assumono la responsabilit\u00e0 della protezione dei dati a livello locale, riportando direttamente al DPO corporativo (in precedenza riferivano alle direzioni legali locali).<\/p>\n<p>Inoltre, abbiamo stabilito nuovi canali di contatto per garantire una protezione efficace in ogni Paese in cui operiamo:<\/p>\n<table class=\"aligncenter\" style=\"width: 400px; border-collapse: collapse; border-color: #79c000; border-style: solid;\" border=\"1\">\n<tbody>\n<tr>\n<td style=\"width: 15.8756%;\" width=\"94\"><strong>Spagna<\/strong><\/td>\n<td style=\"width: 18.8666%;\" width=\"265\"><a href=\"mailto:privacidad.empleado@codere.com\">privacidad.empleado@codere.com<\/a><\/td>\n<\/tr>\n<tr>\n<td style=\"width: 15.8756%;\" width=\"94\"><strong>Italia<\/strong><\/td>\n<td style=\"width: 18.8666%;\" width=\"265\"><a href=\"mailto:privacy.italia@codere.com\">privacy.italia@codere.com<\/a><\/td>\n<\/tr>\n<tr>\n<td style=\"width: 15.8756%;\" width=\"94\"><strong>Messico<\/strong><\/td>\n<td style=\"width: 18.8666%;\" width=\"265\"><a href=\"mailto:privacidad.codere@codere.com\">privacidad.codere@codere.com<\/a><\/td>\n<\/tr>\n<tr>\n<td style=\"width: 15.8756%;\" width=\"94\"><strong>Panama<\/strong><\/td>\n<td style=\"width: 18.8666%;\" width=\"265\"><a href=\"mailto:dpo.external@campofriofg.com\">pa.protecciondedatos@codere.com<\/a><\/td>\n<\/tr>\n<tr>\n<td style=\"width: 15.8756%;\" width=\"94\"><strong>Colombia<\/strong><\/td>\n<td style=\"width: 18.8666%;\" width=\"265\"><a href=\"mailto:dpo.external@campofriofg.com\">datospers.rhcol@codere.com<\/a><\/td>\n<\/tr>\n<tr>\n<td style=\"width: 15.8756%;\" width=\"94\"><strong>Argentina<\/strong><\/td>\n<td style=\"width: 18.8666%;\" width=\"265\"><a href=\"mailto:datospers.leg.arg@codere.com\">datospers.leg.arg@codere.com<\/a><\/td>\n<\/tr>\n<tr>\n<td style=\"width: 15.8756%;\" width=\"94\"><strong>Uruguay<\/strong><\/td>\n<td style=\"width: 18.8666%;\" width=\"265\"><a href=\"mailto:uy.protdatosempleado@codere.com\">uy.protdatosempleado@codere.com<\/a><\/td>\n<\/tr>\n<\/tbody>\n<\/table>\n<p>&nbsp;<\/p>\n<h5><strong>Verso un modello globale e trasversale<\/strong><\/h5>\n<p>Il nostro progetto di adeguamento della funzione di protezione dei dati nei paesi del gruppo si sviluppa in due fasi. Innanzitutto, affrontando la conformit\u00e0 alle normative locali sulla privacy, quindi cercando l&#8217;armonizzazione interna in conformit\u00e0 con le politiche e gli standard. Ci\u00f2 include 14 punti chiave definiti dall\u2019azienda, focalizzati su aspetti come la governance, la registrazione del trattamento dei dati o la gestione del rischio.<\/p>\n<p><img decoding=\"async\" class=\"alignright wp-image-10276\" src=\"https:\/\/actualidad.codere.com\/wp-content\/uploads\/2024\/02\/javier-lomas-diana-soto.png\" alt=\"\" width=\"400\" height=\"266\" \/>Come afferma <strong>Diana Soto, del dipartimento del DPO<\/strong>, &#8220;Ogni paese parte da un diverso stato di maturit\u00e0 in questa materia, e il nostro obiettivo \u00e8 quello di raggiungere uno standard di conformit\u00e0 adeguato in tutte le aree geografiche, prendendo come riferimento il modello europeo, pi\u00f9 esigente, e mantenendo un impegno di miglioramento continuo&#8221;.<\/p>\n<p>Questa trasformazione \u00e8 gi\u00e0 stata avviata attraverso audit interni, lavoro collaborativo e adattamento progressivo ai recenti cambiamenti organizzativi. Inoltre, l&#8217;area Privacy sostiene diversi progetti strategici, tra cui:<\/p>\n<ul>\n<li>L&#8217;elaborazione dei dati dei clienti del Latam e lo sviluppo di &#8216;Space&#8217;, insieme all\u2019area IT.<\/li>\n<li>Il trattamento dei dati di dipendenti e terzi per &#8216;Cornestone&#8217;, insieme all\u2019area Personas,<\/li>\n<li>Il trattamento dei dati per il progetto &#8216;One Project&#8217;, nell&#8217;area di Omnicanalit\u00e0.<\/li>\n<\/ul>\n<p>Javier Lomas ricorda che: &#8220;Avanzare in questo processo richieder\u00e0 un costante aggiornamento, specialmente in quei progetti legati ai dati di dipendenti, fornitori o clienti. Saremo anche attenti ai progressi tecnologici, come le applicazioni biometriche o l&#8217;intelligenza artificiale, che richiederanno un trattamento specifico&#8221;.<\/p>\n<h5><strong>La protezione dei dati, responsabilit\u00e0 di tutti<\/strong><\/h5>\n<p>In Codere, siamo consapevoli che la protezione dei dati \u00e8 una responsabilit\u00e0 condivisa sia dall&#8217;organizzazione, nel trattamento responsabile dei dati personali dei suoi dipendenti, sia da parte di questi, nell&#8217;uso corretto dei dati sensibili dei clienti, fornitori e terzi con cui lavorano<\/p>\n<p>Promuovere una cultura di responsabilit\u00e0 non solo crea una barriera di sicurezza interna, ma aiuta l&#8217;azienda a identificare i rischi, prevenire le sanzioni e rafforzare la fiducia esterna e la reputazione. Pertanto, ogni membro dell&#8217;azienda diventa un sostenitore attivo della privacy&#8217;, assumendosi la responsabilit\u00e0 delle proprie attivit\u00e0 quotidiane. Ecco alcuni accorgimenti che ognuno di noi pu\u00f2 mettere in atto:<\/p>\n<ul>\n<li><strong>Utilizzare i mezzi e gli strumenti aziendali per archiviare informazioni di lavoro.<\/strong><\/li>\n<li><strong>Assicurarsi sempre che la sessione di lavoro sia chiusa e che la postazione di lavoro sia priva di documenti riservati. Mettere al sicuro la documentazione riservata e cartacea alla fine della giornata lavorativa.<\/strong><\/li>\n<li><strong>Informare il DPO (Responsabile della Protezione dei Dati) di qualsiasi progetto che comporti il \u200b\u200btrattamento di dati personali.<\/strong><\/li>\n<li><strong>Notificare al DPO qualsiasi incidente di sicurezza in cui siano coinvolti dati personali.<\/strong><\/li>\n<\/ul>\n<p>Per supportare questa cultura, lanceremo una formazione specifica sulla protezione dei dati personali a partire da marzo, completando quella sviluppata dall&#8217;area Cybersecurity. Questo sforzo collettivo \u00e8 essenziale per garantire una protezione e una sicurezza ancora pi\u00f9 solide dei dati personali.<\/p>","protected":false},"excerpt":{"rendered":"<p>Ci spiace, ma questo articolo \u00e8 disponibile soltanto in Espa\u00f1ol.<\/p>\n","protected":false},"author":1,"featured_media":10213,"comment_status":"closed","ping_status":"closed","sticky":false,"template":"","format":"standard","meta":{"footnotes":""},"categories":[25],"tags":[],"class_list":["post-10199","post","type-post","status-publish","format-standard","has-post-thumbnail","hentry","category-compliance-corner"],"_links":{"self":[{"href":"https:\/\/actualidad.codere.com\/it\/wp-json\/wp\/v2\/posts\/10199","targetHints":{"allow":["GET"]}}],"collection":[{"href":"https:\/\/actualidad.codere.com\/it\/wp-json\/wp\/v2\/posts"}],"about":[{"href":"https:\/\/actualidad.codere.com\/it\/wp-json\/wp\/v2\/types\/post"}],"author":[{"embeddable":true,"href":"https:\/\/actualidad.codere.com\/it\/wp-json\/wp\/v2\/users\/1"}],"replies":[{"embeddable":true,"href":"https:\/\/actualidad.codere.com\/it\/wp-json\/wp\/v2\/comments?post=10199"}],"version-history":[{"count":17,"href":"https:\/\/actualidad.codere.com\/it\/wp-json\/wp\/v2\/posts\/10199\/revisions"}],"predecessor-version":[{"id":10301,"href":"https:\/\/actualidad.codere.com\/it\/wp-json\/wp\/v2\/posts\/10199\/revisions\/10301"}],"wp:featuredmedia":[{"embeddable":true,"href":"https:\/\/actualidad.codere.com\/it\/wp-json\/wp\/v2\/media\/10213"}],"wp:attachment":[{"href":"https:\/\/actualidad.codere.com\/it\/wp-json\/wp\/v2\/media?parent=10199"}],"wp:term":[{"taxonomy":"category","embeddable":true,"href":"https:\/\/actualidad.codere.com\/it\/wp-json\/wp\/v2\/categories?post=10199"},{"taxonomy":"post_tag","embeddable":true,"href":"https:\/\/actualidad.codere.com\/it\/wp-json\/wp\/v2\/tags?post=10199"}],"curies":[{"name":"wp","href":"https:\/\/api.w.org\/{rel}","templated":true}]}}