{"id":4636,"date":"2016-10-26T05:55:25","date_gmt":"2016-10-26T05:55:25","guid":{"rendered":"https:\/\/actualidad.codere.com\/2016\/10\/26\/recursos-humanos-se-pone-a-trabajar-al-servicio-del-nuevo-plan-estrategico\/"},"modified":"2023-04-12T12:26:48","modified_gmt":"2023-04-12T12:26:48","slug":"recursos-humanos-se-pone-a-trabajar-al-servicio-del-nuevo-plan-estrategico","status":"publish","type":"post","link":"https:\/\/actualidad.codere.com\/it\/2016\/10\/26\/recursos-humanos-se-pone-a-trabajar-al-servicio-del-nuevo-plan-estrategico\/","title":{"rendered":"RU al lavoro: un&#8217;area al servizio del nuovo Piano Strategico"},"content":{"rendered":"<p><\/p>\n<p style=\"text-align: justify;\"><a href=\"https:\/\/actualidad.codere.com\/wp-content\/uploads\/2023\/04\/JoaquinequipoRH.jpg\"><img fetchpriority=\"high\" decoding=\"async\" class=\"size-medium wp-image-12811 alignleft\" alt=\"joaquinequiporh\" src=\"https:\/\/actualidad.codere.com\/wp-content\/uploads\/2023\/04\/JoaquinequipoRH.jpg\" width=\"300\" height=\"168\" \/><\/a>Da circa pi\u00f9 di un anno, e proprio come abbiamo informato in questi mesi, Codere si \u00e8 messo al lavoro nella definizione di un Piano Strategico pronto a includere gli obiettivi del Gruppo e di ogni Business Unit per i prossimi quattro anni, cos\u00ec come le procedure necessarie per il loro successo. L\u2019azienda svolger\u00e0 le azioni necessarie per, conclusa la ristrutturazione finanziaria, rafforzare il suo consolidamento nel mercato, approfittando dei vantaggi competitivi che offrono i nostri contesti e aumentando i margini di operazione, nella ricerca della crescita aziendale.<\/p>\n<p style=\"text-align: justify;\">\u00a0<\/p>\n<p style=\"text-align: justify;\"><!--more--><!--noteaser--><\/p>\n<h2 style=\"text-align: justify;\" align=\"center\"><b><b><b><b><b><b><b><b><b>L\u2019azienda progetta un piano globale per il suo capitale umano da sviluppare come <i>road map<\/i> dal 2017<\/b><\/b><\/b><\/b><\/b><\/b><\/b><\/b><\/b><\/h2>\n<figure id=\"attachment_12811\" aria-describedby=\"caption-attachment-12811\" style=\"width: 625px\" class=\"wp-caption alignnone\"><a href=\"https:\/\/actualidad.codere.com\/wp-content\/uploads\/2023\/04\/JoaquinequipoRH.jpg\"><img decoding=\"async\" class=\" wp-image-12811\" alt=\"joaquinequiporh\" src=\"https:\/\/actualidad.codere.com\/wp-content\/uploads\/2023\/04\/JoaquinequipoRH.jpg\" width=\"625\" height=\"350\" \/><\/a><figcaption id=\"caption-attachment-12811\" class=\"wp-caption-text\">Nell\u2019immagine, da sinistra a destra, Diznarda Zuloaga (Messico), Deysi Li\u00f1\u00e1n (Panama), Adriana Marroqu\u00edn (Colombia) e Joaqu\u00edn Guijarro (Corporate).<\/figcaption><\/figure>\n<p style=\"text-align: justify;\"><em><strong><b><i><b><i>MADRID, 27 ottobre 2016.- Da circa pi\u00f9 di un anno, e proprio come abbiamo informato in questi mesi, Codere si \u00e8 messo al lavoro nella definizione di un Piano Strategico pronto a includere gli obiettivi del Gruppo e di ogni Business Unit per i prossimi quattro anni, cos\u00ec come le procedure necessarie per il loro successo.<\/i><\/b><\/i><\/b><\/strong><\/em><\/p>\n<p style=\"text-align: justify;\">L\u2019azienda svolger\u00e0 le azioni necessarie per, conclusa la ristrutturazione finanziaria, rafforzare il suo consolidamento nel mercato, approfittando dei vantaggi competitivi che offrono i nostri contesti e aumentando i margini di operazione, nella ricerca della crescita aziendale.<\/p>\n<p style=\"text-align: justify;\">Questo compito richiede l\u2019impegno di tutti i dipartimenti e collaboratori che fanno parte di Codere, visto che, proprio come spiega <b>Rafael L\u00f3pez Enr\u00edquez, direttore di Risorse Umane del Corporate<\/b>, \u201cla cosa pi\u00f9 importante che ha questa azienda sono le persone, visto che sono quelle che finalmente garantiscono il successo operativo\u201d.<\/p>\n<p style=\"text-align: justify;\">Nel caso della regione latinoamericana, l\u2019integrazione operativa di Messico, Panama e Colombia recentemente attuata, ha comportato lo sviluppo di tutta una serie di azioni sul piano delle Risorse Umane, volte a favorire il processo di unificazione attraverso lo scambio di migliori pratiche e la promozione tra i collaboratori della cultura ed i principi operativi che dovevano conformare l\u2019essenziale dell\u2019operazione.<\/p>\n<p style=\"text-align: justify;\"><a href=\"https:\/\/actualidad.codere.com\/wp-content\/uploads\/2023\/04\/sumarioru.png\"><img loading=\"lazy\" decoding=\"async\" class=\"alignnone size-large wp-image-12836\" alt=\"sumarioru\" src=\"https:\/\/actualidad.codere.com\/wp-content\/uploads\/2023\/04\/sumarioru.png\" width=\"625\" height=\"169\" \/><\/a><\/p>\n<p style=\"text-align: justify;\">Tutte queste azioni sono state ideate ed attuate in precedenza alla conclusione del <i>Piano Strategico 2017-2020<\/i>, in modo che non includono per forza le linee\u00a0essenziali di azione definite per la nostra operazione in questi Paesi. \u00c8 per questo motivo che alla fine di settembre scorso si \u00e8 tenuta la prima riunione regionale di Risorse Umane a Citt\u00e0 del Messico, a cui hanno partecipato i <b>direttori di RU di Messico, Diznarda Zuloaga<\/b>; <b>Panama, Deysi Li\u00f1\u00e1n<\/b>; <b>Colombia, Adriana Marroqu\u00edn<\/b>; cos\u00ec come Rafael L\u00f3pez-Enr\u00edquez e Joaqu\u00edn Guijarro, dal Corporate.<\/p>\n<p style=\"text-align: justify;\">L\u2019obiettivo principale di questo incontro \u00e8 stato quello di rivedere e valutare le azioni messe in atto finora nella regione latinoamericana, ai fini di individuare i punti di forza e le opportunit\u00e0 per il nostro business. A questo stesso scopo, questo team terr\u00e0 degli incontri bimensili fino a completare un piano di Risorse Umane globale, allineato all\u2019approccio strategico del Gruppo e da sviluppare come road map dal 2017.<\/p>\n<p style=\"text-align: justify;\">\u201cL\u2019idea dell\u2019unificazione della regione latinoamericana nasce prima della definizione strategica. Abbiamo allineato i tre Paesi, ma adesso abbiamo anche un bisogno globale e la funzione di Risorse Umane deve allinearsi alla strategia del Gruppo. Ci siamo incontrati per individuare che cosa funziona, per mantenerla e promuoverla, e per analizzare anche quello che non funziona e, quindi, bisogna strutturare in un modo diverso, affinch\u00e9 non ci sia alcuna confusione\u201d, spiega <b>Joaqu\u00edn Guijarro,<\/b> <b>direttore di Formazione, Selezione e Sviluppo del Corporate.<\/b><\/p>\n<p style=\"text-align: justify;\">In questo modo, nelle riunioni che si sono tenute si sono analizzati:<\/p>\n<ul>\n<li>\n<div style=\"text-align: justify;\">I processi di formazione svolti finora nel quadro dello <i>Spazio di Trasformazione e Sviluppo<\/i>, tra i quali il programma <i>Vivi Codere<\/i>, del quale in questo momento si sta impartendo il secondo dei quattro moduli che lo integrano, \u201cCollegati alle tue emozioni\u201d. Questi moduli vengono offerti trimestralmente in modo presenziale e <i>online <\/i>ai fini di promuovere e sviluppare le capacit\u00e0 di <i>management<\/i> di capi operativi e manager dei tre Paesi (circa 800 membri del quadro medio) e allinearle allo stile di gestione.<\/div>\n<\/li>\n<li style=\"text-align: justify;\">I processi di interscambio di collaboratori per la conoscenza di migliori pratiche che si stanno sviluppando tra le tre Business Unit, inviando i responsabili operativi e manager messicani in trasferta alle operazioni di Panama e Colombia per esportare il loro <i>know-how<\/i>, e spostare i capi operativi e manager di Panama e Colombia in Messico, per formarsi nel miglior modo di gestire i dipendenti, le risorse e le sale.<\/li>\n<\/ul>\n<p><a href=\"https:\/\/actualidad.codere.com\/wp-content\/uploads\/2023\/04\/sumarioru2.png\"><img loading=\"lazy\" decoding=\"async\" class=\"alignnone size-large wp-image-12837\" alt=\"sumarioru2\" src=\"https:\/\/actualidad.codere.com\/wp-content\/uploads\/2023\/04\/sumarioru2.png\" width=\"625\" height=\"169\" \/><\/a>.<\/p>\n<p style=\"text-align: justify;\">D\u2019altra parte, si sono discussi, nell\u2019ambito di queste riunioni, possibili programmi oggetto di sviluppo nella regione, tra i quali la formazione del team di dirigenti di Risorse Umane di quelle tre Business Unit nei processi critici della loro attivit\u00e0 o nell\u2019uso di strumenti propri, come la valutazione di capacit\u00e0. Sulla necessit\u00e0 di individuare il potenziale ed il talento di ogni Business Unit e fare piani di successione e rottamazione. Nello stesso modo si \u00e8 analizzata la possibilit\u00e0 di avere a disposizione una piattaforma del corporate di formazione <i>online<\/i>, sugli indicatori da tenere conto per la misurazione del rendimento della funzione, le necessit\u00e0 per il <i>big data<\/i> di Risorse Umane, budget, eccetera.<\/p>\n<p style=\"text-align: justify;\">Dopo la condivisione di questi aspetti, si \u00e8 giunto alla conclusione che diventa indispensabile adeguare la funzione di Risorse Umane al <i>Piano Strategico 2017-2020<\/i> dell\u2019azienda, per quel che riguarda i processi, progetti e strutture, per cui verr\u00e0 definito un <i>Modello integrale di gestione di persone<\/i> che dia risposta chiara e precisa alle necessit\u00e0 che emergono del piano globale del Gruppo, allineato alle priorit\u00e0 precise per ogni Paese. Questo documento dovr\u00e0 servire come leva da contribuire in modo esplicito e diretto al raggiungimento degli obiettivi fissati per il nostro business.<\/p>\n<p style=\"text-align: justify;\">\u201cDa Risorse Umane vogliamo concretizzare come possiamo contribuire con un maggiore valore a quell\u2019approccio strategico che ci chiede il Gruppo. Dobbiamo costruire gli strumenti necessari e servire come leva per raggiungere gli obiettivi che si pongono.\u00a0La funzione di RU \u00e8 diversa in momenti di contenimento delle spese rispetto ai momento di crescita, proprio adesso come accade con noi. Dobbiamo essere pi\u00f9 efficaci e nella ricerca di quell\u2019efficienza, Risorse Umane deve dare un contributo assai importante. Dobbiamo adeguare le nostre politiche e procedure per promuovere la produttivit\u00e0\u201d, spiega Joaqu\u00edn Guijarro.<\/p>\n<p style=\"text-align: justify;\">Come primo passo, la squadra di RU congregata in queste riunioni elaborer\u00e0 un documento di diagnosi\u00a0pronto ad\u00a0analizzare come si stanno sviluppando gli attuali processi di formazione e interscambio di persone nella regione latinoamericana, individuando quali processi\u00a0aggiungono valore e quali possono essere oggetto di un possibile miglioramento.<\/p>\n<p style=\"text-align: justify;\">Sulla base di questo argomento, i responsabili di Risorse Umane della regione e del Corporate definiranno e concretizzeranno il ruolo di RU in Messico, Panama e Colombia, cos\u00ec come la funzione che spetta al Corporate, in ogni processo definito, in modo che vengano chiarite le funzioni, si distribuiscano le responsabilit\u00e0 e venga simplificata la presa di decisioni.<\/p>\n<p style=\"text-align: justify;\">\u201cCi troviamo in fase di analisi, per\u00f2 a noviembre abbiamo definito un documento\u00a0conclusivo e per l\u2019anno prossimo l\u2019obiettivo \u00e8 quello di configurare le cose di un altro modo, pi\u00f9 allineati, con una funzione globale di Risorse Umane da utilizzare come ombrello, sulla base dell\u2019approccio che ha definito il Gruppo\u201d, spiega Joaqu\u00edn Guijarro.<\/p>\n<p style=\"text-align: justify;\">Dalle direzioni di Risorse Umane radunate in Messico si ha la certezza che con il raggiungimento degli obiettivi precedenti si contribuir\u00e0 al miglioramento e incremento dell\u2019efficienza della funzione di Risorse Umane, all\u2019allineamento dei progetti in corso e da sviluppare con le necessit\u00e0 del Gruppo e di ogni Paese e insomma si dar\u00e0 supporto all\u2019aumento della produttivit\u00e0 e miglioramento di risultati dell\u2019azienda.<\/p>\n<p style=\"text-align: justify;\">\u201cQuello che vogliamo \u00e8 che l\u2019area di Risorse Umane sia molto concentrata sul raggiungimento degli obiettivi operativi. Dobbiamo adeguarci per riuscire a ridurre i livelli di turnover in quei Paesi in cui essi sono elevati. Dobbiamo sviluppare dei piani molto efficienti per attrarre e sviluppare il miglior talento possibile e dobbiamo farlo in modo congiunto con l\u2019operazione; dargli i migliori strumenti affinch\u00e9 essi evolvano e si adeguino alle necessit\u00e0 che oggi ci chiede il mercato. Ovviamente tutto ci\u00f2 \u00e8 positivo per l\u2019azienda e per lo sviluppo delle persone che ne\u00a0facciamo parte\u201d, conclude Rafael L\u00f3pez-Enr\u00edquez.<\/p>","protected":false},"excerpt":{"rendered":"<p>Da circa pi\u00f9 di un anno, e proprio come abbiamo informato in questi mesi, Codere si \u00e8 messo al lavoro nella definizione di un Piano Strategico pronto a includere gli obiettivi del Gruppo e di ogni Business Unit per i prossimi quattro anni, cos\u00ec come le procedure necessarie per il loro successo. L\u2019azienda svolger\u00e0 le [&hellip;]<\/p>\n","protected":false},"author":1,"featured_media":4637,"comment_status":"open","ping_status":"open","sticky":false,"template":"","format":"standard","meta":{"footnotes":""},"categories":[3],"tags":[],"class_list":["post-4636","post","type-post","status-publish","format-standard","has-post-thumbnail","hentry","category-somos-responsables"],"_links":{"self":[{"href":"https:\/\/actualidad.codere.com\/it\/wp-json\/wp\/v2\/posts\/4636","targetHints":{"allow":["GET"]}}],"collection":[{"href":"https:\/\/actualidad.codere.com\/it\/wp-json\/wp\/v2\/posts"}],"about":[{"href":"https:\/\/actualidad.codere.com\/it\/wp-json\/wp\/v2\/types\/post"}],"author":[{"embeddable":true,"href":"https:\/\/actualidad.codere.com\/it\/wp-json\/wp\/v2\/users\/1"}],"replies":[{"embeddable":true,"href":"https:\/\/actualidad.codere.com\/it\/wp-json\/wp\/v2\/comments?post=4636"}],"version-history":[{"count":1,"href":"https:\/\/actualidad.codere.com\/it\/wp-json\/wp\/v2\/posts\/4636\/revisions"}],"predecessor-version":[{"id":4642,"href":"https:\/\/actualidad.codere.com\/it\/wp-json\/wp\/v2\/posts\/4636\/revisions\/4642"}],"wp:featuredmedia":[{"embeddable":true,"href":"https:\/\/actualidad.codere.com\/it\/wp-json\/wp\/v2\/media\/4637"}],"wp:attachment":[{"href":"https:\/\/actualidad.codere.com\/it\/wp-json\/wp\/v2\/media?parent=4636"}],"wp:term":[{"taxonomy":"category","embeddable":true,"href":"https:\/\/actualidad.codere.com\/it\/wp-json\/wp\/v2\/categories?post=4636"},{"taxonomy":"post_tag","embeddable":true,"href":"https:\/\/actualidad.codere.com\/it\/wp-json\/wp\/v2\/tags?post=4636"}],"curies":[{"name":"wp","href":"https:\/\/api.w.org\/{rel}","templated":true}]}}