{"id":5854,"date":"2017-06-09T06:30:16","date_gmt":"2017-06-09T06:30:16","guid":{"rendered":"https:\/\/actualidad.codere.com\/2017\/06\/09\/nueva-reunion-del-comite-ejecutivo-global\/"},"modified":"2023-04-12T12:36:04","modified_gmt":"2023-04-12T12:36:04","slug":"nueva-reunion-del-comite-ejecutivo-global","status":"publish","type":"post","link":"https:\/\/actualidad.codere.com\/it\/2017\/06\/09\/nueva-reunion-del-comite-ejecutivo-global\/","title":{"rendered":"Nuovo incontro del Comitato Esecutivo Globale"},"content":{"rendered":"<p><\/p>\n<p style=\"text-align: justify;\"><strong><span style=\"font-size: 16px;\"><a href=\"https:\/\/actualidad.codere.com\/wp-content\/uploads\/2023\/04\/JAMSfondogris.jpg\"><img fetchpriority=\"high\" decoding=\"async\" class=\"size-medium wp-image-14713 alignright\" alt=\"JAMSfondogris\" src=\"https:\/\/actualidad.codere.com\/wp-content\/uploads\/2023\/04\/JAMSfondogris.jpg\" width=\"300\" height=\"225\" \/><\/a>La settimana scorsa si \u00e8 tenuto a Madrid un nuovo incontro del <b>Comitato Esecutivo Globale\u00a0<\/b>di Codere, a cui partecipano i leader dell\u2019operazione del Gruppo ai fini di analizzare e valutare l\u2019implementazione del <i>Piano Strategico<\/i> definito l\u2019anno scorso.<\/span><\/strong><\/p>\n<p style=\"text-align: justify;\"><span style=\"font-size: 16px;\"><span style=\"font-size: 14px;\">\u00a0<\/span><\/span><\/p>\n<p><!--more--><\/p>\n<p><!--noteaser--><\/p>\n<p style=\"text-align: justify;\">La settimana scorsa si \u00e8 tenuto a Madrid un nuovo incontro del <b>Comitato Esecutivo Globale\u00a0<\/b>di Codere, a cui partecipano i leader dell\u2019operazione del Gruppo ai fini di analizzare e valutare l\u2019implementazione del <i>Piano Strategico<\/i> definito l\u2019anno scorso.<\/p>\n<p style=\"text-align: justify;\">Sul piano del Corporate, Amalia L\u00f3pez, direttore di Controllo di Gestione, ha presentato i progressi fatti sullo sviluppo del\u00a0<b>quadro di comando integrale,\u00a0<\/b>applicati sulla Business Unit argentina, figli del lavoro della Direzione finanziaria insieme alla Direzione di Sistemi del Gruppo. Questo strumento di gestione fornir\u00e0 un accesso diretto all\u2019informazione chiave del business, rendendo assai semplice i report interni del Gruppo. Rappresenta senza alcun dubbio un chiaro miglioramento degli strumenti di monitoraggio dei KPI argentini ed i prossimi Paesi a implementare questa iniziativa saranno Spagna e Messico.<\/p>\n<p style=\"text-align: justify;\">Da parte sua, i direttori operativi hanno analizzato lo stato delle loro rispettive Business Unit per quanto riguarda le previsioni incluse nel <i>Piano Strategico<\/i>: hanno segnalato le modifiche subite dalle normative o dalla realt\u00e0 concorrenziale che incidono sulla nostra attivit\u00e0, hanno analizzato le nuove opportunit\u00e0 di business, e hanno anche spiegato i nuovi piani di azione che ritengono necessari per raggiungere il livello di obiettivi fissato.<\/p>\n<p style=\"text-align: justify;\">Il volume e succedersi di cambiamenti ha reso ancora pi\u00f9 evidente la necessit\u00e0 di attuare una\u00a0<b>revisione approfondita del Business Plan,<\/b>\u00a0 affinch\u00e9 esso possa includere le nuove realt\u00e0 del settore e possa svilupparsi un nuovo copione pi\u00f9 adatto alla realt\u00e0 \u00a0attuale, di fronte al palese logoramento subito da alcune leve che supportavano la crescita del Gruppo.<\/p>\n<p style=\"text-align: justify;\">Dal punto di vista delle Risorse Umane, sono anche attualmente allo studio i modelli di incentivi e le capacit\u00e0 che conviene includere nell\u2019organizzazione per dare uno slancio maggiore\u00a0all\u2019implementazione dei piani strategici.<\/p>\n<p style=\"text-align: right;\">(9\u00a0giugno 2017)<\/p>\n<p><\/p>","protected":false},"excerpt":{"rendered":"<p>La settimana scorsa si \u00e8 tenuto a Madrid un nuovo incontro del Comitato Esecutivo Globale\u00a0di Codere, a cui partecipano i leader dell\u2019operazione del Gruppo ai fini di analizzare e valutare l\u2019implementazione del Piano Strategico definito l\u2019anno scorso. \u00a0<\/p>\n","protected":false},"author":1,"featured_media":5855,"comment_status":"open","ping_status":"open","sticky":false,"template":"","format":"standard","meta":{"footnotes":""},"categories":[2],"tags":[],"class_list":["post-5854","post","type-post","status-publish","format-standard","has-post-thumbnail","hentry","category-desde-presidencia"],"_links":{"self":[{"href":"https:\/\/actualidad.codere.com\/it\/wp-json\/wp\/v2\/posts\/5854","targetHints":{"allow":["GET"]}}],"collection":[{"href":"https:\/\/actualidad.codere.com\/it\/wp-json\/wp\/v2\/posts"}],"about":[{"href":"https:\/\/actualidad.codere.com\/it\/wp-json\/wp\/v2\/types\/post"}],"author":[{"embeddable":true,"href":"https:\/\/actualidad.codere.com\/it\/wp-json\/wp\/v2\/users\/1"}],"replies":[{"embeddable":true,"href":"https:\/\/actualidad.codere.com\/it\/wp-json\/wp\/v2\/comments?post=5854"}],"version-history":[{"count":1,"href":"https:\/\/actualidad.codere.com\/it\/wp-json\/wp\/v2\/posts\/5854\/revisions"}],"predecessor-version":[{"id":5856,"href":"https:\/\/actualidad.codere.com\/it\/wp-json\/wp\/v2\/posts\/5854\/revisions\/5856"}],"wp:featuredmedia":[{"embeddable":true,"href":"https:\/\/actualidad.codere.com\/it\/wp-json\/wp\/v2\/media\/5855"}],"wp:attachment":[{"href":"https:\/\/actualidad.codere.com\/it\/wp-json\/wp\/v2\/media?parent=5854"}],"wp:term":[{"taxonomy":"category","embeddable":true,"href":"https:\/\/actualidad.codere.com\/it\/wp-json\/wp\/v2\/categories?post=5854"},{"taxonomy":"post_tag","embeddable":true,"href":"https:\/\/actualidad.codere.com\/it\/wp-json\/wp\/v2\/tags?post=5854"}],"curies":[{"name":"wp","href":"https:\/\/api.w.org\/{rel}","templated":true}]}}