{"id":6350,"date":"2017-10-31T11:59:36","date_gmt":"2017-10-31T11:59:36","guid":{"rendered":"https:\/\/actualidad.codere.com\/2017\/10\/31\/editorial-31-de-octubre\/"},"modified":"2023-04-12T12:39:29","modified_gmt":"2023-04-12T12:39:29","slug":"editorial-31-de-octubre","status":"publish","type":"post","link":"https:\/\/actualidad.codere.com\/it\/2017\/10\/31\/editorial-31-de-octubre\/","title":{"rendered":"Editoriale 31 ottobre"},"content":{"rendered":"<p><\/p>\n<p style=\"text-align: justify;\"><strong><span style=\"font-size: 16px;\"><a href=\"https:\/\/actualidad.codere.com\/wp-content\/uploads\/2023\/04\/JAMSfondogris.jpg\"><img fetchpriority=\"high\" decoding=\"async\" class=\"size-medium wp-image-14713 alignright\" src=\"https:\/\/actualidad.codere.com\/wp-content\/uploads\/2023\/04\/JAMSfondogris.jpg\" alt=\"JAMSfondogris\" width=\"300\" height=\"225\" \/><\/a><\/span><\/strong><\/p>\n<p style=\"text-align: justify;\"><span style=\"font-size: 16px;\"><strong>L\u2019azienda continua con l\u2019attuazione della sua agenda fitta d\u2019impegni nelle ultime settimane, visto che sta per concludersi la definizione del budget dell\u2019anno 2018, secondo il solito esercizio finanziario che richiede del tempo e della disponibilit\u00e0 per l\u2019analisi da parte dello staff coinvolto.<\/strong><\/span><\/p>\n<p style=\"text-align: justify;\"><strong><span style=\"font-size: 16px;\">\u00a0<\/span><\/strong><\/p>\n<p style=\"text-align: justify;\"><span style=\"font-size: 16px;\"><span style=\"font-size: 14px;\">\u00a0<\/span><\/span><\/p>\n<p><!--more--><\/p>\n<p><!--noteaser--><\/p>\n<p style=\"text-align: justify;\">L\u2019azienda continua con l\u2019attuazione della sua agenda fitta d\u2019impegni nelle ultime settimane, visto che sta per concludersi la definizione del budget dell\u2019anno 2018, secondo il solito esercizio finanziario che richiede del tempo e della disponibilit\u00e0 per l\u2019analisi da parte dello staff coinvolto.<\/p>\n<p style=\"text-align: justify;\">Insieme alle Business Unit del Gruppo, stiamo anche provvedendo alla revisione del piano strategico (2018-2020) che includer\u00e0 le nuove opportunit\u00e0 di crescita individuate. Tali opportunit\u00e0 verranno non solo definite da parametri finanziari, ma devono anche descrivere il vantaggio competitivo che esse rappresentano, la proposta di valore nei confronti del cliente che\u00a0 comportano, e le capacit\u00e0 che ci servono per implementarle.<\/p>\n<p style=\"text-align: justify;\">Questa nuova metodologia ci consente di valutare ogni iniziativa con una maggiore prospettiva, misurando la sua evoluzione e progresso in modo pi\u00f9 olistico attraverso i rispettivi KPI, fissati in precedenza.<\/p>\n<p style=\"text-align: justify;\">D\u2019altro canto, si \u00e8 tenuta un\u2019altro incontro del Consiglio di Amministrazione di Codere lo scorso 16 settembre, per attuare l\u2019accordo di raggruppamento e scambio di azioni approvato dalla riunione straordinaria dell\u2019Assemblea degli Azionisti tenutasi lo stesso giorno.<\/p>\n<p style=\"text-align: justify;\">Il capitale sociale dell\u2019azienda sar\u00e0 cos\u00ec conformato da 118.538.326 titoli di nuova emissione, anzich\u00e9 le 2.548.574.009 azioni attuali. I titolari di azioni di Codere riceveranno due nuovi titoli di 4,30 euro, per ogni 43 vecchie azioni, a 0,20 euro ciascuna.<\/p>\n<p style=\"text-align: justify;\">Questo provvedimento, che aumenta il valore di quotazione dei nostri titoli e mantiene invariata la posizione di ogni investitore nell\u2019azienda, rende l\u2019azione di Codere meno volatile e allarga la fascia di potenziali acquirenti, essendoci dei fondi di investimento che, in seguito alle loro stesse regole, limitano i loro acquisti a quelle aziende il cui prezzo di quotazione \u00e8 sopra un dollaro. \u00c8 questo il motivo per cui, senza questo ragruppamento dei titoli, non potrebbero mai considerare la possibilit\u00e0 di investire nella nostra azienda.<\/p>\n<p style=\"text-align: right;\">(31 ottobre 2017)<\/p>\n<p><\/p>","protected":false},"excerpt":{"rendered":"<p>L\u2019azienda continua con l\u2019attuazione della sua agenda fitta d\u2019impegni nelle ultime settimane, visto che sta per concludersi la definizione del budget dell\u2019anno 2018, secondo il solito esercizio finanziario che richiede del tempo e della disponibilit\u00e0 per l\u2019analisi da parte dello staff coinvolto. \u00a0 \u00a0<\/p>\n","protected":false},"author":1,"featured_media":5855,"comment_status":"open","ping_status":"open","sticky":false,"template":"","format":"standard","meta":{"footnotes":""},"categories":[2],"tags":[],"class_list":["post-6350","post","type-post","status-publish","format-standard","has-post-thumbnail","hentry","category-desde-presidencia"],"_links":{"self":[{"href":"https:\/\/actualidad.codere.com\/it\/wp-json\/wp\/v2\/posts\/6350","targetHints":{"allow":["GET"]}}],"collection":[{"href":"https:\/\/actualidad.codere.com\/it\/wp-json\/wp\/v2\/posts"}],"about":[{"href":"https:\/\/actualidad.codere.com\/it\/wp-json\/wp\/v2\/types\/post"}],"author":[{"embeddable":true,"href":"https:\/\/actualidad.codere.com\/it\/wp-json\/wp\/v2\/users\/1"}],"replies":[{"embeddable":true,"href":"https:\/\/actualidad.codere.com\/it\/wp-json\/wp\/v2\/comments?post=6350"}],"version-history":[{"count":1,"href":"https:\/\/actualidad.codere.com\/it\/wp-json\/wp\/v2\/posts\/6350\/revisions"}],"predecessor-version":[{"id":6351,"href":"https:\/\/actualidad.codere.com\/it\/wp-json\/wp\/v2\/posts\/6350\/revisions\/6351"}],"wp:featuredmedia":[{"embeddable":true,"href":"https:\/\/actualidad.codere.com\/it\/wp-json\/wp\/v2\/media\/5855"}],"wp:attachment":[{"href":"https:\/\/actualidad.codere.com\/it\/wp-json\/wp\/v2\/media?parent=6350"}],"wp:term":[{"taxonomy":"category","embeddable":true,"href":"https:\/\/actualidad.codere.com\/it\/wp-json\/wp\/v2\/categories?post=6350"},{"taxonomy":"post_tag","embeddable":true,"href":"https:\/\/actualidad.codere.com\/it\/wp-json\/wp\/v2\/tags?post=6350"}],"curies":[{"name":"wp","href":"https:\/\/api.w.org\/{rel}","templated":true}]}}