{"id":6780,"date":"2018-03-06T09:59:10","date_gmt":"2018-03-06T09:59:10","guid":{"rendered":"https:\/\/actualidad.codere.com\/2018\/03\/06\/editorial-6-de-marzo\/"},"modified":"2023-04-12T12:42:24","modified_gmt":"2023-04-12T12:42:24","slug":"editorial-6-de-marzo","status":"publish","type":"post","link":"https:\/\/actualidad.codere.com\/it\/2018\/03\/06\/editorial-6-de-marzo\/","title":{"rendered":"Editoriale 7 marzo"},"content":{"rendered":"<p><\/p>\n<p style=\"text-align: justify;\"><strong><span style=\"font-size: 16px;\"><a href=\"https:\/\/actualidad.codere.com\/wp-content\/uploads\/2023\/04\/PortadaVicente.jpg\"><img fetchpriority=\"high\" decoding=\"async\" class=\"size-medium wp-image-14713 alignright\" src=\"https:\/\/actualidad.codere.com\/wp-content\/uploads\/2023\/04\/PortadaVicente.jpg\" alt=\"JAMSfondogris\" width=\"300\" height=\"225\" \/><\/a><\/span><\/strong><\/p>\n<p style=\"text-align: justify;\"><strong>La settimana scorsa Codere presentava i <a href=\"https:\/\/actualidad.codere.com\/it\/?p=16748\">risultati economici<\/a> consolidati dell\u2019esercizio 2017, che registrano un utile netto di 2,8 milioni di euro, ed un aumento del 6% sui ricavi, che ammontano ai 1.638 milioni di euro, grazie essenzialmente alla buona performance del business in Argentina, Spagna, Italia e Messico. L\u2019Ebitda aggiustato ha proseguito anche con la tendenza al rialzo, superando i 273 milioni di euro.<\/strong><\/p>\n<p style=\"text-align: justify;\"><strong><span style=\"font-size: 16px;\">\u00a0<\/span><\/strong><\/p>\n<p style=\"text-align: justify;\"><span style=\"font-size: 16px;\"><span style=\"font-size: 14px;\">\u00a0<\/span><\/span><\/p>\n<p><!--more--><\/p>\n<p><!--noteaser--><\/p>\n<p style=\"text-align: justify;\">La settimana scorsa Codere presentava i <a href=\"https:\/\/actualidad.codere.com\/it\/?p=16748\">risultati economici<\/a> consolidati dell\u2019esercizio 2017, che registrano un utile netto di 2,8 milioni di euro, ed un aumento del 6% sui ricavi, che ammontano ai 1.638 milioni di euro, grazie essenzialmente alla buona performance del business in Argentina, Spagna, Italia e Messico. L\u2019Ebitda aggiustato ha proseguito anche con la tendenza al rialzo, superando i 273 milioni di euro.<\/p>\n<p style=\"text-align: justify;\">Questi numeri mostrano un lento per\u00f2 progressivo miglioramento della nostra redditivit\u00e0, nonostante l\u2019incidenza negativa delle modifiche normative ed i cambiamenti macroeconomici. Siamo convinti che c\u2019\u00e8 ancora un ampio margine di miglioramento della nostra posizione competitiva nei mercati in cui operiamo, cos\u00ec come per creare valore attraverso l\u2019incremento della redditivit\u00e0, l\u2019efficienza e l\u2019eccellenza dei nostri processi.<\/p>\n<p style=\"text-align: justify;\">Per l\u2019appunto quella massimizzazione del potenziale della nostra azienda \u00e8 stato il principale obiettivo della decisione che lo scorso 12 gennaio prese il CdA, di rinnovare la direzione del Gruppo. Una responsabilit\u00e0 su cui sia Normal Sorensen Valdez, Presidente non esecutivo di Codere, che io stesso, come Direttore Generale, siamo pienamente impegnati, e per cui lavoriamo dal primo giorno insieme a tutto lo staff direttivo, attraverso lo sviluppo e implementazione di un piano di trasformazione globale con cui migliorare la nostra performance operativa e finanziaria.<\/p>\n<p style=\"text-align: justify;\">Nella prima tappa, lavoriamo sullo sviluppo di una leadership forte tramite la ridefinizione delle capacit\u00e0 ed il rafforzamento delle mansioni, in maniera che possiamo ottimizzare le procedure decisionali, rendendole pi\u00f9 dinamiche.<\/p>\n<p style=\"text-align: justify;\">In questo senso, adegueremo la nostra organizzazione, allineando i nostri obiettivi, alla creazione di valore per gli azionisti, clienti, autorit\u00e0 e gli altri stakeholder del settore. Promuoveremo perci\u00f2 lo sviluppo del talento interno e la collaborazione tra le Business Unit, creando una struttura pi\u00f9 dinamica e redditizia.<\/p>\n<p style=\"text-align: justify;\">D\u2019altro canto, rafforzeremo il nostro approccio clientecentrico, migliorando in ogni questione l\u2019esperienza che offriamo, per dare cos\u00ec slancio alla crescita sul lungo periodo della nostra organizzazione.<\/p>\n<p style=\"text-align: justify;\">Inoltre, per quanto riguarda la strategia di ogni business unit, stiamo sviluppando una profonda revisione operativa e strategica, le cui conclusioni verranno integrate in un business plan che presenteremo al CdA nei prossimi mesi e di cui vi terremo anche aggiornati.<\/p>\n<p style=\"text-align: justify;\">In modo parallelo, per quanto riguarda il nuovo piano di azione, va accelerato il nostro necessario processo di trasformazione digitale.<\/p>\n<p style=\"text-align: justify;\">Sono convinto dell\u2019elevato potenziale della nostra azienda, della sua capacit\u00e0 per ricoprire un ruolo di leadership in ogni Paese in cui operiamo e che tutti questi provvedimenti mano a mano produrranno i loro frutti nei nostri risultati economici nei prossimi trimestre. Per concludere, approfitto dell\u2019occasione in questo primo editoriale per ringraziare il vostro sforzo e contributo a questo promettente progetto.<\/p>\n<p style=\"text-align: right;\"><strong>Vicente Di Loreto, direttore general di Codere<\/strong><\/p>\n<p style=\"text-align: right;\">(7 marzo 2018)<\/p>\n<p><\/p>","protected":false},"excerpt":{"rendered":"<p>Ci spiace, ma questo articolo \u00e8 disponibile soltanto in Espa\u00f1ol.<\/p>\n","protected":false},"author":1,"featured_media":6783,"comment_status":"open","ping_status":"open","sticky":false,"template":"","format":"standard","meta":{"footnotes":""},"categories":[2],"tags":[],"class_list":["post-6780","post","type-post","status-publish","format-standard","has-post-thumbnail","hentry","category-desde-presidencia"],"_links":{"self":[{"href":"https:\/\/actualidad.codere.com\/it\/wp-json\/wp\/v2\/posts\/6780","targetHints":{"allow":["GET"]}}],"collection":[{"href":"https:\/\/actualidad.codere.com\/it\/wp-json\/wp\/v2\/posts"}],"about":[{"href":"https:\/\/actualidad.codere.com\/it\/wp-json\/wp\/v2\/types\/post"}],"author":[{"embeddable":true,"href":"https:\/\/actualidad.codere.com\/it\/wp-json\/wp\/v2\/users\/1"}],"replies":[{"embeddable":true,"href":"https:\/\/actualidad.codere.com\/it\/wp-json\/wp\/v2\/comments?post=6780"}],"version-history":[{"count":1,"href":"https:\/\/actualidad.codere.com\/it\/wp-json\/wp\/v2\/posts\/6780\/revisions"}],"predecessor-version":[{"id":6782,"href":"https:\/\/actualidad.codere.com\/it\/wp-json\/wp\/v2\/posts\/6780\/revisions\/6782"}],"wp:featuredmedia":[{"embeddable":true,"href":"https:\/\/actualidad.codere.com\/it\/wp-json\/wp\/v2\/media\/6783"}],"wp:attachment":[{"href":"https:\/\/actualidad.codere.com\/it\/wp-json\/wp\/v2\/media?parent=6780"}],"wp:term":[{"taxonomy":"category","embeddable":true,"href":"https:\/\/actualidad.codere.com\/it\/wp-json\/wp\/v2\/categories?post=6780"},{"taxonomy":"post_tag","embeddable":true,"href":"https:\/\/actualidad.codere.com\/it\/wp-json\/wp\/v2\/tags?post=6780"}],"curies":[{"name":"wp","href":"https:\/\/api.w.org\/{rel}","templated":true}]}}