{"id":7086,"date":"2018-06-11T08:37:11","date_gmt":"2018-06-11T08:37:11","guid":{"rendered":"https:\/\/actualidad.codere.com\/2018\/06\/11\/codere-protege-los-datos-personales\/"},"modified":"2023-04-12T12:44:35","modified_gmt":"2023-04-12T12:44:35","slug":"codere-protege-los-datos-personales","status":"publish","type":"post","link":"https:\/\/actualidad.codere.com\/it\/2018\/06\/11\/codere-protege-los-datos-personales\/","title":{"rendered":"Codere tutela la privacy"},"content":{"rendered":"<p><\/p>\n<p style=\"text-align: justify;\"><a href=\"&quot;https:\/\/actualidad.codere.com\/wp-content\/uploads\/2023\/04\/DPO11.jpg\"><img fetchpriority=\"high\" decoding=\"async\" class=\"size-medium wp-image-14321 alignleft\" src=\"https:\/\/actualidad.codere.com\/wp-content\/uploads\/2023\/04\/DPO11.jpg\" alt=\"Amalia\" width=\"300\" height=\"196\" \/><\/a><\/p>\n<p style=\"text-align: justify;\">Il continuo progresso delle nuove tecnologie e dell\u2019uso d\u2019Internet ha cambiato il modo in cui utenti e aziende si comunicano tra di loro, incidendo sempre di pi\u00f9 sulla privacy e la protezione dei dati personali delle persone fisiche.<\/p>\n<p><!--more--><\/p>\n<p><!--noteaser--><\/p>\n<h2 style=\"text-align: justify;\"><\/h2>\n<figure id=\"attachment_14321\" aria-describedby=\"caption-attachment-14321\" style=\"width: 625px\" class=\"wp-caption alignnone\"><a href=\"https:\/\/actualidad.codere.com\/wp-content\/uploads\/2023\/04\/DPO11.jpg\"><img decoding=\"async\" class=\" wp-image-14321\" src=\"https:\/\/actualidad.codere.com\/wp-content\/uploads\/2023\/04\/DPO11.jpg\" alt=\"apascual1\" width=\"625\" height=\"408\" \/><\/a><figcaption id=\"caption-attachment-14321\" class=\"wp-caption-text\">Da sinistra a destra, Luis Miguel Brejano (Responsabile di Sicurezza Tecnologica), Jos\u00e9 Luis Gonz\u00e1lez (Direttore di Sicurezza dei Sistemi), Javier Lomas\u00a0(Avvocato del Corporate)<strong>\u00a0<\/strong>y Cristina Vergel (Avvocato del Corporate di <em>Compliance<\/em><em>).<\/em><\/figcaption><\/figure>\n<p style=\"text-align: justify;\"><strong>Madrid, 12 de giugno de 2018- <em>Il continuo progresso delle nuove tecnologie e dell\u2019uso d\u2019Internet ha cambiato il modo in cui utenti e aziende si comunicano tra di loro, incidendo sempre di pi\u00f9 sulla privacy e la protezione dei dati personali delle persone fisiche.<\/em><\/strong><\/p>\n<p style=\"text-align: justify;\">Come al solito, lo sviluppo tecnologico fa passi avanti pi\u00f9 velocemente che quello normativo, che tratta di adeguarsi ai nuovi scenari. Ai fini di fissare le basi di una normativa adatta alla realt\u00e0 attuale, e dopo diversi anni di discussione, le autorit\u00e0 europee competenti hanno approvato un Regolamento Europeo in Materia di Protezione dei Dati Personali (GDPR in inglese), che ha entrato in vigore due anni fa, per\u00f2 che dallo scorso 25 maggio \u00e8 pienamente esigibile.<\/p>\n<p style=\"text-align: justify;\"><a href=\"https:\/\/actualidad.codere.com\/wp-content\/uploads\/2023\/04\/comillasDPO1IT.png\"><img loading=\"lazy\" decoding=\"async\" class=\" wp-image-14321\" src=\"https:\/\/actualidad.codere.com\/wp-content\/uploads\/2023\/04\/comillasDPO1IT.png\" width=\"625\" height=\"408\" \/><\/a><\/p>\n<p style=\"text-align: justify;\">Questa normativa cambia il modo in cui l\u2019azienda e ciascuno dei suoi membri devono trattare i dati privati delle persone fisiche, riconoscendo nuovi diritti agli utenti e chiedendo pi\u00f9 responsabilit\u00e0 alle aziende. \u00c8 applicabile in tutti i Paesi dell\u2019Unione Europea e non solo interessa le aziende stabilite nei Paesi membri, ma anche tutte quante offrono i suoi prodotti o servizi ai cittadini europei.<\/p>\n<p style=\"text-align: justify;\">La nuova legge si basa sull\u2019idea che la privacy in materia di dati personali \u00e8 un diritto fondamentale della persona e per tutelarlo propone un modello basato sulla responsabilit\u00e0 proattiva, non fissando un modo concreto su come va fatto.<\/p>\n<p style=\"text-align: justify;\">Tutto ci\u00f2 rappresenta un\u2019assoluta trasformazione nel paradigma delle organizzazioni, sia pubbliche che private, a cui l\u2019Unione Europea ha concesso due anni per adeguarsi, per cui hanno dovuto implementare delle misure tecniche e organizzative adatte ai fini di tutelare la privacy delle persone interessate, nel nostro caso: clienti, dipendenti e fornitori.<\/p>\n<p style=\"text-align: justify;\">Perci\u00f2, in Codere \u00e8 stato costituito una task force di adattamento al GDPR, integrata da <strong>Jos\u00e9 Luis Gonz\u00e1lez, Direttore di Sicurezza dei Sistemi<\/strong>, come responsabile dell\u2019area tecnica, e <strong>Javier Lomas<\/strong>, <strong>Avvocato del Corporate,<\/strong> come responsabile dell\u2019area legale, che hanno gi\u00e0 incontrato lo staff di tutte le Direzioni dell\u2019azienda, per presentare e promuovere il progetto. Questa task force \u00e8 stata rafforzata con la collaborazione interna di <strong>Luis Miguel Brejano, Responsabile di Sicurezza Tecnologica<\/strong>, e<strong> Cristina Vergel, Avvocato del Corporate di <em>Compliance<\/em>, <\/strong>cos\u00ec come quella esterna dell\u2019azienda di consulenza specializzata ECIX.<\/p>\n<p><a href=\"https:\/\/actualidad.codere.com\/wp-content\/uploads\/2023\/04\/DPO22.jpg\"><img loading=\"lazy\" decoding=\"async\" class=\" wp-image-14321\" src=\"https:\/\/actualidad.codere.com\/wp-content\/uploads\/2023\/04\/DPO22.jpg\" alt=\"Amalia\" width=\"625\" height=\"408\" \/><\/a><\/p>\n<p style=\"text-align: justify;\">Il progetto ha avuto inizio con l\u2019inventario esaustivo di tutti i processi che comportano la raccolta o gestione di dati di tipo personale, per garantire che vengono rispettate le nuove esigenze normative, che basicamente sono:<\/p>\n<ul style=\"text-align: justify;\">\n<li>La raccolta di dati deve ridursi al minimo ed in modo trasparente e informato.<\/li>\n<li>L\u2019accettazione deve essere espressa, libera ed inequivocabile.<\/li>\n<li>Verranno cancellati quei dati non necessari per l\u2019attivit\u00e0.<\/li>\n<li>Si limiter\u00e0 all\u2019accesso ai database alle persone che ne hanno bisogno.<\/li>\n<li>La governance e la sicurezza dei dati deve essere garantita nell\u2019intero percorso di vita.<\/li>\n<li>Le eventuali violazioni sulla sicurezza che interessano i dati personali vanno comunicate.<\/li>\n<li>Deve essere garantito che i clienti possono sfruttare nuovi diritti in materia di dati (accesso, rettifica, portabilit\u00e0, restrizione, cancellazione, opposizione e revoca).<\/li>\n<\/ul>\n<p style=\"text-align: justify;\"><strong>Progetto di adeguamento legale di Codere al nuovo Regolamento di Protezione di Dati<\/strong><\/p>\n<p style=\"text-align: justify;\">Uno dei principi fondamentali della nuova normativa europea consiste che le aziende non saranno solo responsabili del rispetto delle esigenze del GDPR in tutto quello che riguarda la protezione dei dati personali, ma che verranno costrette e dovranno dimostrare che hanno fatto la loro parte. Perci\u00f2, Codere lavora sull\u2019adeguamento del trattamento dei dati di tutti i suoi collaboratori, implementando un sistema di risposta alle eventuali richieste ed esercizio dei diritti che verranno fatti, controllando i diversi siti web del Gruppo e tutti i contratti con fornitori che comportino il trattamento dei dati per adeguarli alla nuova normativa. L\u2019azienda porter\u00e0 a termine l\u2019omogeneizzazione dell\u2019applicazione delle regole sulla data protection di ciascuno dei Paesi delle Business Unit dell\u2019azienda.<\/p>\n<p style=\"text-align: justify;\">D\u2019altro canto, la nuova normativa introduce per alcune aziende, tra le quali quelle del settore dei giochi, l\u2019obbligatoriet\u00e0 di una nuova figura che si assuma le responsabilit\u00e0 riguardo al coordinamento e rispetto del nuovo quadro normativo, un Responsabile della Protezione dei Dati, una mansione per la quale \u00e8 stato nominato Jos\u00e9 Luis Gonz\u00e1lez.<\/p>\n<p style=\"text-align: justify;\"><a href=\"https:\/\/actualidad.codere.com\/wp-content\/uploads\/2023\/04\/comillasDPO2IT.png\"><img loading=\"lazy\" decoding=\"async\" class=\" wp-image-14321\" src=\"https:\/\/actualidad.codere.com\/wp-content\/uploads\/2023\/04\/comillasDPO2IT.png\" width=\"625\" height=\"408\" \/><\/a><\/p>\n<p style=\"text-align: justify;\"><strong><u>IRM di Sealpath, lo strumento per la protezione dei nostri messaggi email<\/u><\/strong><\/p>\n<p style=\"text-align: justify;\">In occasione dell\u2019entrata in vigore della nuova normativa emerge la necessit\u00e0 di proteggere i file informatici, per cui l\u2019azienda ha implementato il software IRM (<em>Identity Right Management <\/em>o gestione dei diritti di identit\u00e0), di Sealpath, che ci consente di codificare l\u2019informazione sensibile, in modo tale da garantire che la confidenzialit\u00e0 e la privacy dei documenti elettronici che scambiamo.<\/p>\n<p style=\"text-align: justify;\">Cos\u00ec i collaboratori di Spagna, Italia ed il Corporate che condividano informazione rilevante potranno gestire come emittenti la privacy del loro contenuto, attribuendo diversi livelli d\u2019uso e accesso ai destinatari.<\/p>\n<p style=\"text-align: justify;\">Anche se oggi questo software \u00e8 stato installato soltanto nei dispositivi dei collaboratori interessati dal nuovo Regolamento, in una seconda fase, nel 2019, verr\u00e0 implementato negli altri Paesi.<\/p>\n<p style=\"text-align: justify;\">Da adesso per\u00f2 tutti i collaboratori possono gi\u00e0 ricevere messaggi email con informazione codificata, occorrendo per la loro lettura l\u2019installazione del lettore dei documenti di Sealpath che la stessa email codificata spiegher\u00e0 come scaricare.<\/p>\n<p style=\"text-align: justify;\"><strong><u>Obbligo di formare e di formarsi<\/u><\/strong><\/p>\n<p style=\"text-align: justify;\">L\u2019adempimento del nuovo Regolamento in Materia di Protezione dei Dati comporta l\u2019esercizio di una responsabilit\u00e0 comune, dell\u2019azienda e dei collaboratori, nel senso che la prima deve applicare tutte le misure a disposizione per garantire la protezione dei dati, cos\u00ec come formare e renderne consapevoli tutti i suoi dipendenti. I lavoratori devono invece compiere l\u2019obbligo di ricevere quell\u2019informazione ed applicare le nuove istruzioni.<\/p>\n<p style=\"text-align: justify;\"><a href=\"https:\/\/actualidad.codere.com\/wp-content\/uploads\/2023\/04\/comillasDPO3IT.png\"><img loading=\"lazy\" decoding=\"async\" class=\" wp-image-14321\" src=\"https:\/\/actualidad.codere.com\/wp-content\/uploads\/2023\/04\/comillasDPO3IT.png\" width=\"625\" height=\"408\" \/><\/a><\/p>\n<p style=\"text-align: justify;\">Perci\u00f2, nel quadro del <a href=\"https:\/\/actualidad.codere.com\/2017\/10\/10\/ciberseguridad-la-formacion-es-la-mejor-defensa\/\">Corso di formazione sulla Cyber sicurezza<\/a> che viene offerto online a tutti i dipendenti di Codere dall\u2019anno scorso, \u00e8 stato inserito un modulo obbligatorio per tutti i collaboratori di Spagna, Italia ed il Corporate, sulla nuova normativa e quello che nel nostro lavoro quotidiano essa comporta.<\/p>\n<p style=\"text-align: justify;\">Uno dei recenti requisiti comporta la costituzione di questa task force per l\u2019adattamento di tutti i processi ormai esistenti o in fase di creazione che comportino una raccolta di dati, affinch\u00e9 si possa applicare la normativa dalla stessa progettazione dell\u2019attivit\u00e0, seguendo il principio di <em>Privacy by design<\/em> stabilito dal nuovo testo normativo, consapevoli che la protezione rappresenta un processo dinamico, inerente all\u2019attivit\u00e0 delle aziende.<\/p>\n<p style=\"text-align: justify;\"><strong><u>Un alleato per la reputazione aziendale<\/u><\/strong><\/p>\n<p style=\"text-align: justify;\">L\u2019applicazione di tutte queste misure, oltre a garantire la protezione dei dati personali delle persone fisiche che trattano con le organizzazioni, favorisce la reputazione delle aziende, visto che i loro clienti si sentono pi\u00f9 sicuri e fiduciosi, minimizzando il rischio di possibili filtrazioni che mettano a repentaglio la loro privacy.<\/p>\n<p style=\"text-align: justify;\">D\u2019altro canto, la violazione della norma non solo danneggia la reputazione dell\u2019azienda, ma viene anche punita con un severo regime sanzionatorio, che nel caso di infrazione impone nei casi pi\u00f9 gravi ammende che ammontano ad un massimo di 20 milioni euro od il 4% del volume d\u2019affari dell\u2019azienda, tra queste due alternative, la somma maggiore.<\/p>\n<p><\/p>","protected":false},"excerpt":{"rendered":"<p>Il continuo progresso delle nuove tecnologie e dell\u2019uso d\u2019Internet ha cambiato il modo in cui utenti e aziende si comunicano tra di loro, incidendo sempre di pi\u00f9 sulla privacy e la protezione dei dati personali delle persone fisiche.<\/p>\n","protected":false},"author":1,"featured_media":7087,"comment_status":"open","ping_status":"open","sticky":false,"template":"","format":"standard","meta":{"footnotes":""},"categories":[3],"tags":[],"class_list":["post-7086","post","type-post","status-publish","format-standard","has-post-thumbnail","hentry","category-somos-responsables"],"_links":{"self":[{"href":"https:\/\/actualidad.codere.com\/it\/wp-json\/wp\/v2\/posts\/7086","targetHints":{"allow":["GET"]}}],"collection":[{"href":"https:\/\/actualidad.codere.com\/it\/wp-json\/wp\/v2\/posts"}],"about":[{"href":"https:\/\/actualidad.codere.com\/it\/wp-json\/wp\/v2\/types\/post"}],"author":[{"embeddable":true,"href":"https:\/\/actualidad.codere.com\/it\/wp-json\/wp\/v2\/users\/1"}],"replies":[{"embeddable":true,"href":"https:\/\/actualidad.codere.com\/it\/wp-json\/wp\/v2\/comments?post=7086"}],"version-history":[{"count":1,"href":"https:\/\/actualidad.codere.com\/it\/wp-json\/wp\/v2\/posts\/7086\/revisions"}],"predecessor-version":[{"id":7095,"href":"https:\/\/actualidad.codere.com\/it\/wp-json\/wp\/v2\/posts\/7086\/revisions\/7095"}],"wp:featuredmedia":[{"embeddable":true,"href":"https:\/\/actualidad.codere.com\/it\/wp-json\/wp\/v2\/media\/7087"}],"wp:attachment":[{"href":"https:\/\/actualidad.codere.com\/it\/wp-json\/wp\/v2\/media?parent=7086"}],"wp:term":[{"taxonomy":"category","embeddable":true,"href":"https:\/\/actualidad.codere.com\/it\/wp-json\/wp\/v2\/categories?post=7086"},{"taxonomy":"post_tag","embeddable":true,"href":"https:\/\/actualidad.codere.com\/it\/wp-json\/wp\/v2\/tags?post=7086"}],"curies":[{"name":"wp","href":"https:\/\/api.w.org\/{rel}","templated":true}]}}