{"id":7204,"date":"2018-09-05T14:26:15","date_gmt":"2018-09-05T14:26:15","guid":{"rendered":"https:\/\/actualidad.codere.com\/2018\/09\/05\/editorial-5-de-septiembre-2\/"},"modified":"2023-04-12T12:45:19","modified_gmt":"2023-04-12T12:45:19","slug":"editorial-5-de-septiembre-2","status":"publish","type":"post","link":"https:\/\/actualidad.codere.com\/it\/2018\/09\/05\/editorial-5-de-septiembre-2\/","title":{"rendered":"Editoriale 10 settembre"},"content":{"rendered":"<p><\/p>\n<p style=\"text-align: justify;\"><strong><span style=\"font-size: 16px;\"><a href=\"https:\/\/actualidad.codere.com\/wp-content\/uploads\/2023\/04\/PortadaVicente.jpg\"><img fetchpriority=\"high\" decoding=\"async\" class=\"size-medium wp-image-14713 alignright\" src=\"https:\/\/actualidad.codere.com\/wp-content\/uploads\/2023\/04\/PortadaVicente.jpg\" alt=\"JAMSfondogris\" width=\"300\" height=\"225\" \/><\/a><\/span><\/strong><\/p>\n<p style=\"text-align: justify;\"><strong>La settimana scorsa si \u00e8 unita alla squadra di Codere, come Direttore dell\u2019Area Giuridica Corporate, Sagrario Fern\u00e1ndez Barb\u00e9, che diriger\u00e0 anche le aree di Compliance e Protezione dei Dati Corporate, e che coordiner\u00e0 anche, insieme al Direttore di Persone, \u00c1lvaro de Ansorena, il dipartimento di Comunicazione della \u00a0Corporation.<\/strong><\/p>\n<p style=\"text-align: justify;\"><strong><span style=\"font-size: 16px;\">\u00a0<\/span><\/strong><\/p>\n<p style=\"text-align: justify;\"><span style=\"font-size: 16px;\"><span style=\"font-size: 14px;\">\u00a0<\/span><\/span><\/p>\n<p><!--more--><\/p>\n<p><!--noteaser--><\/p>\n<p style=\"text-align: justify;\">La settimana scorsa si \u00e8 unita alla squadra di Codere, come Direttore dell\u2019Area Giuridica Corporate, Sagrario Fern\u00e1ndez Barb\u00e9, che diriger\u00e0 anche le aree di Compliance e Protezione dei Dati Corporate, e che coordiner\u00e0 anche, insieme al Direttore di Persone, \u00c1lvaro de Ansorena, il dipartimento di Comunicazione della \u00a0Corporation.<\/p>\n<p style=\"text-align: justify;\">Abbiamo cos\u00ec coperto un importante posto che \u00e8 rimasto vacante lo scorso marzo, dopo l\u2019uscita del responsabile precedente, il che senza alcun dubbio ci aiuter\u00e0 nel progresso del nostro progetto di trasformazione, che in questo momento comporta la revisione, da parte delle diverse Direzioni, di tutte le aree, sia sul piano della Corporation che delle filiali.<\/p>\n<p style=\"text-align: justify;\">D\u2019altro canto, \u00e8 avvenuta anche poco fa l\u2019uscita volontaria del nostro COO di Piattaforma e Direttore di Tecnologia dell\u2019Informazione, Felipe Lude\u00f1a, che continuer\u00e0 comunque a collaborare con l\u2019azienda, anche se le aree da sua dipendenza passeranno adesso all\u2019ufficio del CEO e della Direzione di Amministrazione e Finanze guidata da Angel Corzo, rispettivamente.<\/p>\n<p style=\"text-align: justify;\">Proseguiamo nel frattempo con lo sviluppo della nostra strategia online, che comporta la costituzione di una filiale dell\u2019azienda in Malta, lo spostamento di parte della nostra attivit\u00e0 a Melilla (enclave spagnolo nel nord dell\u2019Africa), cos\u00ec come la costituzione in Israele di una societ\u00e0 in cui lavorano gi\u00e0 dodici persone. Una squadra che svolge il suo lavoro insieme ai responsabili regionali per lo sviluppo della nostra strategia onnicanale.<\/p>\n<p style=\"text-align: justify;\">In questo momento lavoriamo anche sull\u2019agenda di un incontro dello staff direttivo che si terr\u00e0 a Madrid questo settembre, che, tra gli altri argomenti, include il confronto della definizione della visione e valori dell\u2019azienda, la revisione dello status dei diversi percorsi di trasformazione, cos\u00ec come l\u2019organizzazione di un workshop su innovazione digitale.<\/p>\n<p style=\"text-align: justify;\">Va messa in evidenza anche la difficile situazione economica in Argentina, ovviamente una delle principali preoccupazioni attuali del nostro team direttivo. L\u2019azienda affronta le conseguenze di un mercato locale in recessione indebolito dalla forte svalutazione della sua moneta ed il crescente tasso di inflazione e, in questo contesto, prendiamo le misure necessarie per sostenere i nostri ricavi sul piano dell\u2019inflazione e cercare di attenuare la situazione, visto che le nostre previsioni non includono un cambiamento di tendenza prima del 2019. Per concludere, e nonostante le difficolt\u00e0 macroeconomiche, Codere ha saputo mantenere il market share ed ha aumentato il suo Ebitda nel Paese (nella valuta locale) ed in modo globale, grazie alla resilienza del nostro business ed ai grandi sforzi di tutti noi nell\u2019implementazione in modo efficace del nostro progetto di trasformazione, migliorare l\u2019efficienza e massimizzare la nostra produttivit\u00e0.<\/p>\n<p>&nbsp;<\/p>\n<p style=\"text-align: right;\"><strong>Vicente Di Loreto, Direttore Generale di Codere<\/strong><\/p>\n<p style=\"text-align: right;\">(10 settembre 2018)<\/p>\n<p><\/p>","protected":false},"excerpt":{"rendered":"<p>Ci spiace, ma questo articolo \u00e8 disponibile soltanto in Espa\u00f1ol.<\/p>\n","protected":false},"author":1,"featured_media":6781,"comment_status":"open","ping_status":"open","sticky":false,"template":"","format":"standard","meta":{"footnotes":""},"categories":[2],"tags":[],"class_list":["post-7204","post","type-post","status-publish","format-standard","has-post-thumbnail","hentry","category-desde-presidencia"],"_links":{"self":[{"href":"https:\/\/actualidad.codere.com\/it\/wp-json\/wp\/v2\/posts\/7204","targetHints":{"allow":["GET"]}}],"collection":[{"href":"https:\/\/actualidad.codere.com\/it\/wp-json\/wp\/v2\/posts"}],"about":[{"href":"https:\/\/actualidad.codere.com\/it\/wp-json\/wp\/v2\/types\/post"}],"author":[{"embeddable":true,"href":"https:\/\/actualidad.codere.com\/it\/wp-json\/wp\/v2\/users\/1"}],"replies":[{"embeddable":true,"href":"https:\/\/actualidad.codere.com\/it\/wp-json\/wp\/v2\/comments?post=7204"}],"version-history":[{"count":1,"href":"https:\/\/actualidad.codere.com\/it\/wp-json\/wp\/v2\/posts\/7204\/revisions"}],"predecessor-version":[{"id":7205,"href":"https:\/\/actualidad.codere.com\/it\/wp-json\/wp\/v2\/posts\/7204\/revisions\/7205"}],"wp:featuredmedia":[{"embeddable":true,"href":"https:\/\/actualidad.codere.com\/it\/wp-json\/wp\/v2\/media\/6781"}],"wp:attachment":[{"href":"https:\/\/actualidad.codere.com\/it\/wp-json\/wp\/v2\/media?parent=7204"}],"wp:term":[{"taxonomy":"category","embeddable":true,"href":"https:\/\/actualidad.codere.com\/it\/wp-json\/wp\/v2\/categories?post=7204"},{"taxonomy":"post_tag","embeddable":true,"href":"https:\/\/actualidad.codere.com\/it\/wp-json\/wp\/v2\/tags?post=7204"}],"curies":[{"name":"wp","href":"https:\/\/api.w.org\/{rel}","templated":true}]}}