{"id":7208,"date":"2018-09-25T09:47:16","date_gmt":"2018-09-25T09:47:16","guid":{"rendered":"https:\/\/actualidad.codere.com\/2018\/09\/25\/entrevista-a-serafin-gomez-director-de-seguridad\/"},"modified":"2023-04-12T12:45:22","modified_gmt":"2023-04-12T12:45:22","slug":"entrevista-a-serafin-gomez-director-de-seguridad","status":"publish","type":"post","link":"https:\/\/actualidad.codere.com\/it\/2018\/09\/25\/entrevista-a-serafin-gomez-director-de-seguridad\/","title":{"rendered":"(Espa\u00f1ol) Entrevista a Seraf\u00edn G\u00f3mez, director de Seguridad"},"content":{"rendered":"<p><\/p>\n<p><!--more--><\/p>\n<p><!--noteaser--><\/p>\n<h2 style=\"text-align: justify;\"><\/h2>\n<p><\/p>","protected":false},"excerpt":{"rendered":"","protected":false},"author":1,"featured_media":7209,"comment_status":"open","ping_status":"open","sticky":false,"template":"","format":"standard","meta":{"footnotes":""},"categories":[3],"tags":[],"class_list":["post-7208","post","type-post","status-publish","format-standard","has-post-thumbnail","hentry","category-somos-responsables"],"_links":{"self":[{"href":"https:\/\/actualidad.codere.com\/it\/wp-json\/wp\/v2\/posts\/7208","targetHints":{"allow":["GET"]}}],"collection":[{"href":"https:\/\/actualidad.codere.com\/it\/wp-json\/wp\/v2\/posts"}],"about":[{"href":"https:\/\/actualidad.codere.com\/it\/wp-json\/wp\/v2\/types\/post"}],"author":[{"embeddable":true,"href":"https:\/\/actualidad.codere.com\/it\/wp-json\/wp\/v2\/users\/1"}],"replies":[{"embeddable":true,"href":"https:\/\/actualidad.codere.com\/it\/wp-json\/wp\/v2\/comments?post=7208"}],"version-history":[{"count":1,"href":"https:\/\/actualidad.codere.com\/it\/wp-json\/wp\/v2\/posts\/7208\/revisions"}],"predecessor-version":[{"id":7211,"href":"https:\/\/actualidad.codere.com\/it\/wp-json\/wp\/v2\/posts\/7208\/revisions\/7211"}],"wp:featuredmedia":[{"embeddable":true,"href":"https:\/\/actualidad.codere.com\/it\/wp-json\/wp\/v2\/media\/7209"}],"wp:attachment":[{"href":"https:\/\/actualidad.codere.com\/it\/wp-json\/wp\/v2\/media?parent=7208"}],"wp:term":[{"taxonomy":"category","embeddable":true,"href":"https:\/\/actualidad.codere.com\/it\/wp-json\/wp\/v2\/categories?post=7208"},{"taxonomy":"post_tag","embeddable":true,"href":"https:\/\/actualidad.codere.com\/it\/wp-json\/wp\/v2\/tags?post=7208"}],"curies":[{"name":"wp","href":"https:\/\/api.w.org\/{rel}","templated":true}]}}