{"id":7257,"date":"2018-11-19T08:08:34","date_gmt":"2018-11-19T08:08:34","guid":{"rendered":"https:\/\/actualidad.codere.com\/2018\/11\/19\/transformate-con-codere\/"},"modified":"2023-04-12T12:45:41","modified_gmt":"2023-04-12T12:45:41","slug":"transformate-con-codere","status":"publish","type":"post","link":"https:\/\/actualidad.codere.com\/it\/2018\/11\/19\/transformate-con-codere\/","title":{"rendered":"TrasFORMATI con Codere"},"content":{"rendered":"<p><\/p>\n<p style=\"text-align: justify;\"><a href=\"https:\/\/actualidad.codere.com\/wp-content\/uploads\/2023\/04\/CA992.jpg\"><img fetchpriority=\"high\" decoding=\"async\" class=\"size-medium wp-image-13453 alignleft\" src=\"https:\/\/actualidad.codere.com\/wp-content\/uploads\/2023\/04\/CA992.jpg\" alt=\"panama\" width=\"300\" height=\"168\" \/><\/a><\/p>\n<p style=\"text-align: justify;\"><strong>Il mondo vive un costante processo di trasformazione che inevitabilmente coinvolge il nostro settore e la nostra azienda. Il veloce progresso tecnologico non ha fatto altro che accelerare il ritmo di questo cambiamento, favorendo nuovi strumenti e processi che ci consentono si di raggiungere un maggior potenziale ma che allo stesso tempo richiedono uno sforzo formativo superiore.<\/strong><\/p>\n<p style=\"text-align: justify;\"><!--more--><\/p>\n<h2 style=\"text-align: justify;\"><\/h2>\n<p><!--noteaser--><\/p>\n<figure id=\"attachment_14321\" aria-describedby=\"caption-attachment-14321\" style=\"width: 625px\" class=\"wp-caption alignnone\"><a href=\"https:\/\/actualidad.codere.com\/wp-content\/uploads\/2023\/04\/CA992.jpg\"><img decoding=\"async\" class=\" wp-image-14321\" src=\"https:\/\/actualidad.codere.com\/wp-content\/uploads\/2023\/04\/CA992.jpg\" alt=\"embajada-espanola\" width=\"625\" height=\"408\" \/><\/a><figcaption id=\"caption-attachment-14321\" class=\"wp-caption-text\">Da sinistra a destra: Sergio G\u00f3mez, Direttore Corporativo di Selezione, Formazione e Gestione del Personale, Maria Bujidos, Direttore Corporate di Special People Projects\u00a0y \u00c1lvaro de Ansorena, Direttore Corporativo di <em>Personas<\/em>, \u00c1lvaro de Ansorena.<\/figcaption><\/figure>\n<p style=\"text-align: justify;\"><strong>Madrid, 22 novembre.\u00a0<\/strong> Il mondo vive un costante processo di trasformazione che inevitabilmente coinvolge il nostro settore e la nostra azienda. Il veloce progresso tecnologico non ha fatto altro che accelerare il ritmo di questo cambiamento, favorendo nuovi strumenti e processi che ci consentono si di raggiungere un maggior potenziale ma che allo stesso tempo richiedono uno sforzo formativo superiore.<\/p>\n<p style=\"text-align: justify;\">Per affrontare questa evoluzione ed essere leader nel nuovo contesto, \u00e8 necessario che la nostra organizzazione ed ogni suo membro, affronti nel modo pi\u00f9 efficiente possibile la sfida dell&#8217;apprendimento e dell&#8217;adattamento che lo scenario richiede.<\/p>\n<p style=\"text-align: justify;\">L&#8217;azienda sta lavorando ad un cambiamento nella cultura aziendale che agevoli questo processo di adattamento e ci consenta di rispondere alle grandi sfide poste dall\u2019<em>omnicanalit\u00e0<\/em>, dal clientecentrismo e dalla digitalizzazione di tutti i nostri processi. Un progetto di trasformazione globale per migliorare le nostre capacit\u00e0 e la nostra competitivit\u00e0.<\/p>\n<p style=\"text-align: justify;\">\u00a0\u201cVediamo la formazione come un aspetto chiave per l&#8217;efficienza e la necessaria evoluzione dell&#8217;azienda in un contesto altamente competitivo. Per questo motivo, in Codere vorremmo dare un particolare impulso a questo aspetto e metterlo in primo piano, cos\u00ec da poter essere meglio preparati ad affrontare i nostri progetti e le sfide future. La formazione \u00e8 uno degli strumenti pi\u00f9 utili per lo sviluppo e il miglioramento personale e professionale, e dall&#8217;area <em>Personas<\/em> puntiamo a raggiungere il massimo talento e il potenziale dei nostri collaboratori; per raggiungere questo obiettivo, si richiede una motivazione maggiore, un forte senso di orgoglio di appartenenza , un impegno personale in termini di tempo e uno sforzo per crescere e imparare, che \u00e8 ci\u00f2 che questo programma vuole promuovere &#8220;, spiega il <strong>Direttore Corporativo di <em>Personas<\/em>, \u00c1lvaro de Ansorena.<\/strong><\/p>\n<p style=\"text-align: justify;\">Il risultato di questo sforzo \u00e8 il <strong>Piano trasFORMATI<\/strong>, un programma di formazione presenziale e online che sar\u00e0 sviluppato nei prossimi due anni e mezzo e con il quale approfondiremo, nel modo in cui questi cambiamenti influenzano i modelli di business, la tecnologia, il nostro rapporto con i clienti e i progetti che attualmente sono in corso.<\/p>\n<p style=\"text-align: justify;\">Attraverso questo programma, scopriremo come muoverci nel nuovo contesto in modo agile e flessibile; ci occuperemo degli effetti di una strategia orientata al cliente, della gestione efficiente o\/e? della digitalizzazione e formeremo le necessarie abilit\u00e0 personali e professionali in modo che ciascuno di noi possa agire come motore di cambiamento.<\/p>\n<p style=\"text-align: justify;\">&#8220;Le aziende devono innovare e questo richiede maggiori competenze. Abbiamo fatto un&#8217;analisi dei bisogni formativi della nostra azienda per sviluppare un programma che risponda veramente a tali bisogni, in modo ordinato e globale, e consenta lo sviluppo delle nostre capacit\u00e0, rafforzando la nostra situazione competitiva sia individualmente che a livello globale. Il piano include moduli specifici per ciascuno dei gruppi di dipendenti in base alle loro esigenze &#8220;, spiega <strong>Mar\u00eda Bujidos, Direttore Corporate di Special People Projects<\/strong>.<\/p>\n<p style=\"text-align: justify;\">Il programma consiste in attivit\u00e0 formative di durata variabile (dalle due ore a un giorno), che si suddividono in base a cinque aree di conoscenza relative ai punti focali della nostra strategia:<\/p>\n<p style=\"text-align: justify;\"><strong>Gestione del cambiamento e trasformazione, <\/strong>\u00a0al fine di promuovere il processo in cui siamo coinvolti attraverso l\u2019analisi di storie di successo ed esperienze di altre aziende.<\/p>\n<p style=\"text-align: justify;\"><strong><em>Cliente &#8211; centrismo, <\/em><\/strong>ossia analizzare l&#8217;esperienza del cliente in ogni punto di contatto con Codere e capire come mantenerlo nel modo pi\u00f9 proficuo.<\/p>\n<p style=\"text-align: justify;\"><strong><em>Digitalizzazione, <\/em><\/strong>per comprendere le implicazioni dello sviluppo tecnologico e capire come utilizzarlo nel miglior modo possibile<strong><em>.<\/em><\/strong><\/p>\n<p style=\"text-align: justify;\"><strong><em>Efficienza<\/em><\/strong>, per conoscere i modelli di efficienza organizzativa, analizzando le chiavi del lavoro individuale e di squadra<\/p>\n<p style=\"text-align: justify;\"><strong><em>Cultura, leadership e gestione delle persone, <\/em><\/strong>al fine di aggiornare il modello di gestione di Codere, i suoi valori e la cultura, e di lavorare sulle capacit\u00e0 di leadership<strong><em>.<\/em><\/strong><\/p>\n<p style=\"text-align: justify;\">Inoltre,\u00a0 ciascuna delle aree di conoscenza precedenti si articoler\u00e0 in 4 punti:<\/p>\n<p style=\"text-align: justify;\"><strong><em>Key note<\/em><\/strong>: concetti ed esperienze chiave di altre aziende presentate da esperti<\/p>\n<p style=\"text-align: justify;\"><strong><em>Codere Business Case<\/em><\/strong>: casi pratici da applicare in Codere, problematiche ed esperienza appresa.<\/p>\n<p style=\"text-align: justify;\"><strong><em>Workshop<\/em><\/strong>: sessioni pratiche sull\u2019utilizzo delle competenze e metodologia<\/p>\n<p style=\"text-align: justify;\"><strong><em>Online: <\/em><\/strong>Accesso da qualsiasi dispositivo ai contenuti online. In questo modo \u00e8 possibile accedere sia alla registrazione delle sessioni presenziali sia al contenuto aggiuntivo online sui cinque temi del corso. Renderemo cos\u00ec possibile l&#8217;accesso al <em>piano TrasFormati<\/em>i a tutti i dipendenti del Gruppo da remoto<strong><em>.<\/em><\/strong><\/p>\n<p style=\"text-align: justify;\"><strong><u>Metodologia<\/u><\/strong><\/p>\n<p style=\"text-align: justify;\">In una fase iniziale, i moduli saranno forniti fisicamente nella sala formazione Aula Hotel Casino Carrasco o nella Sala delle Assemblee della sede centrale di Alcobendas a Madrid, fino ad esaurimento posti. Le sessioni saranno registrate e modificate per la creazione di contenuti digitali che possono essere utilizzati online dai dipendenti a cui \u00e8 diretta la formazione e che non sono stati in grado di registrarsi.<\/p>\n<p style=\"text-align: justify;\">Succesivamente i contenuti saranno distribuiti<em> online<\/em> o fisicamente nel resto dei paesi in cui Codere opera.<\/p>\n<p style=\"text-align: justify;\">Il programma abbina la partecipazione di relatori di altre aziende con esperienza di successo con relatori interni specializzati nel business Codere ed esperti in strumenti e metodologie per affrontare la trasformazione e la gestione delle persone nei processi di cambiamento<\/p>\n<p style=\"text-align: justify;\">&#8220;La societ\u00e0 far\u00e0 uno sforzo importante per accompagnare questo processo di trasformazione aumentando la formazione\u00a0 e per questo \u00e8 fondamentale l\u2019impegno personale dei collaboratori. \u00c8 necessario che ognuno di noi diventi consapevole dell&#8217;importanza di tale aspetto e capisca che acquisire conoscenza e adattarsi alle richieste del mercato non solo vuol dire che stiamo creando nuovo valore per il gruppo e che stiamo favorendo una cultura aziendale efficiente, ma allo stesso tempo vuol dire anche che stiamo acquisendo un arricchimento personale\u201d conclude <strong>Sergio G\u00f3mez Carretero, Direttore Corporativo di Selezione, Formazione e Gestione del Personale.<\/strong><\/p>\n<p style=\"text-align: justify;\"><strong>Contenuto del programma<\/strong><\/p>\n<p><a href=\"https:\/\/actualidad.codere.com\/wp-content\/uploads\/2023\/04\/PFC-transFORMATE-Codere.jpg\"><img decoding=\"async\" class=\" wp-image-14321\" src=\"https:\/\/actualidad.codere.com\/wp-content\/uploads\/2023\/04\/PFC-transFORMATE-Codere.jpg\" alt=\"embajada-espanola\" width=\"625\" height=\"408\" \/><\/a><\/p>\n<p style=\"text-align: justify;\"><!--more--><\/p>\n<p><\/p>","protected":false},"excerpt":{"rendered":"<p>Ci spiace, ma questo articolo \u00e8 disponibile soltanto in Espa\u00f1ol.<\/p>\n","protected":false},"author":1,"featured_media":7261,"comment_status":"open","ping_status":"open","sticky":false,"template":"","format":"standard","meta":{"footnotes":""},"categories":[4],"tags":[],"class_list":["post-7257","post","type-post","status-publish","format-standard","has-post-thumbnail","hentry","category-noticias-internas"],"_links":{"self":[{"href":"https:\/\/actualidad.codere.com\/it\/wp-json\/wp\/v2\/posts\/7257","targetHints":{"allow":["GET"]}}],"collection":[{"href":"https:\/\/actualidad.codere.com\/it\/wp-json\/wp\/v2\/posts"}],"about":[{"href":"https:\/\/actualidad.codere.com\/it\/wp-json\/wp\/v2\/types\/post"}],"author":[{"embeddable":true,"href":"https:\/\/actualidad.codere.com\/it\/wp-json\/wp\/v2\/users\/1"}],"replies":[{"embeddable":true,"href":"https:\/\/actualidad.codere.com\/it\/wp-json\/wp\/v2\/comments?post=7257"}],"version-history":[{"count":1,"href":"https:\/\/actualidad.codere.com\/it\/wp-json\/wp\/v2\/posts\/7257\/revisions"}],"predecessor-version":[{"id":7260,"href":"https:\/\/actualidad.codere.com\/it\/wp-json\/wp\/v2\/posts\/7257\/revisions\/7260"}],"wp:featuredmedia":[{"embeddable":true,"href":"https:\/\/actualidad.codere.com\/it\/wp-json\/wp\/v2\/media\/7261"}],"wp:attachment":[{"href":"https:\/\/actualidad.codere.com\/it\/wp-json\/wp\/v2\/media?parent=7257"}],"wp:term":[{"taxonomy":"category","embeddable":true,"href":"https:\/\/actualidad.codere.com\/it\/wp-json\/wp\/v2\/categories?post=7257"},{"taxonomy":"post_tag","embeddable":true,"href":"https:\/\/actualidad.codere.com\/it\/wp-json\/wp\/v2\/tags?post=7257"}],"curies":[{"name":"wp","href":"https:\/\/api.w.org\/{rel}","templated":true}]}}