{"id":7285,"date":"2018-11-19T08:08:31","date_gmt":"2018-11-19T08:08:31","guid":{"rendered":"https:\/\/actualidad.codere.com\/2018\/11\/19\/editorial-19-de-noviembre\/"},"modified":"2023-04-12T12:45:51","modified_gmt":"2023-04-12T12:45:51","slug":"editorial-19-de-noviembre","status":"publish","type":"post","link":"https:\/\/actualidad.codere.com\/it\/2018\/11\/19\/editorial-19-de-noviembre\/","title":{"rendered":"Editoriale 22 novembre"},"content":{"rendered":"<p><\/p>\n<p style=\"text-align: justify;\"><strong><span style=\"font-size: 16px;\"><a href=\"https:\/\/actualidad.codere.com\/wp-content\/uploads\/2023\/04\/PortadaVicente.jpg\"><img fetchpriority=\"high\" decoding=\"async\" class=\"size-medium wp-image-14713 alignright\" src=\"https:\/\/actualidad.codere.com\/wp-content\/uploads\/2023\/04\/PortadaVicente.jpg\" alt=\"JAMSfondogris\" width=\"300\" height=\"225\" \/><\/a><\/span><\/strong><\/p>\n<p style=\"text-align: justify;\"><strong>Codere ha presentato la scorsa settimana i risultati maturati nei primi nove mesi dell&#8217;anno, che riflettono un EBITDA normalizzato di 203,6 milioni di euro &#8211; 1,8% in pi\u00f9 rispetto all&#8217;anno precedente &#8211; e ricavi per 1.115,6 milioni di euro, che a tasso di cambio costante rappresenta una crescita del 10,4% in questo stesso periodo.<\/strong><\/p>\n<p><strong><span style=\"font-size: 16px;\">\u00a0<\/span><\/strong><\/p>\n<p><span style=\"font-size: 16px;\"><span style=\"font-size: 14px;\">\u00a0<\/span><\/span><\/p>\n<p><!--more--><\/p>\n<p><!--noteaser--><\/p>\n<p style=\"text-align: justify;\">Codere ha presentato la scorsa settimana i risultati maturati nei primi nove mesi dell&#8217;anno, che riflettono un EBITDA normalizzato di 203,6 milioni di euro &#8211; 1,8% in pi\u00f9 rispetto all&#8217;anno precedente &#8211; e ricavi per 1.115,6 milioni di euro, che a tasso di cambio costante rappresenta una crescita del 10,4% in questo stesso periodo.<\/p>\n<p style=\"text-align: justify;\">Continua quindi ad essere chiara la solidit\u00e0 e la capacit\u00e0 di crescita della nostra azienda, nonostante gli importanti ostacoli macroeconomici &#8211; e in misura minore regolatori &#8211; che dobbiamo affrontare. Ed \u00e8 anche motivo di orgoglio per tutti noi che facciamo parte di questa organizzazione vedere come, avvicinandoci alla fine dell&#8217;anno, gli sforzi che abbiamo compiuto in linea con il nostro piano di trasformazione, migliorando l&#8217;efficienza e massimizzando la produttivit\u00e0 a tutti i livelli, si siano trasformati in risultati tangibili, che ci consentiranno di soddisfare le nostre aspettative per il 2018<\/p>\n<p style=\"text-align: justify;\">Per questo andiamo avanti con la nostra strategia di dare precedenza al business online. Abbiamo gi\u00e0 23 dipendenti in Israele, 16 a Malta e 6 a Melilla; e speriamo di avere la nostra squadra completa in breve tempo. Inoltre, l&#8217;azienda continua le sue operazioni di crescita inorganica. Abbiamo recentemente acquisito Operjuegos, un operatore spagnolo con 106 macchine e abbiamo gi\u00e0 approvato altre acquisizioni in corso, delle quali vi terremo informati.<\/p>\n<p style=\"text-align: justify;\">In merito al \u201cclientecentrismo\u201d, e dopo una presentazione al team di gestione del progetto globale guidato da Carlos Villaseca, nelle scorse settimane ho tenuto riunioni con i responsabili regionali per rivedere le iniziative in corso, in un\u2019ottica di implementazione della strategia del cliente definita per ciascuno dei nostri mercati, in modo da ottimizzare il nostro posizionamento rispetto alla concorrenza.<\/p>\n<p style=\"text-align: justify;\">Il nostro piano di trasformazione organizzativa e culturale, che stiamo sviluppando in tutta l&#8217;azienda, si sta ora materializzando soprattutto in Europa. Cos\u00ec, l&#8217;intero team di gestione dell&#8217;unit\u00e0 spagnola ha recentemente partecipato a giornate di lavoro nella localit\u00e0 di El Escorial, a Madrid, con lo scopo di identificare le leve attraverso cui favorire questo cambiamento verso un maggior rendimento e raggiungere cos\u00ec le sfide di business che abbiamo tracciato. Sar\u00e0 necessario, per questo, abbattere le barriere organizzative e creare dei legami tra i team, promuovere una cultura collaborativa, semplificare i processi ed evolversi verso un&#8217;azienda orientata ai risultati.<\/p>\n<p style=\"text-align: justify;\">I progressi sopra menzionati sono tappe fondamentali verso il nuovo modo di lavorare che stiamo promuovendo a livello globale e che viene rafforzato attraverso il processo di <em>visioning<\/em> che abbiamo anticipato nei numeri precedenti. Dopo gli incontri svoltisi a Madrid lo scorso settembre, hanno avuto luogo diversi focus group al Nord, al Sud, in Europa e nel centro corporativo, a cui hanno partecipato circa un centinaio di manager dell&#8217;azienda per affrontare le riflessioni sollevate. Un esercizio che mira a creare una visione su come vogliamo essere, su quali debbano essere le caratteristiche distintive dell\u2019identit\u00e0 della nostra azienda e quali comportamenti e atteggiamenti vogliamo promuovere o meno. Le conclusioni di questo processo sono ora in fase di elaborazione per avere, presumibilmente entro la fine dell&#8217;anno, una definizione unica, globale e stimolante che nel 2019 sar\u00e0 condivisa e integrata nella cultura aziendale.<\/p>\n<p style=\"text-align: justify;\">Infine, e come potete leggere nell&#8217;articolo che accompagna questo numero, stiamo lanciando il progetto trasFORMATI, per favorire questo processo evoluti\u00ecvo della nostra azienda. Un programma di formazione che si diffonder\u00e0 nei prossimi due anni e mezzo e che lanceremo il 28 novembre. Questo progetto comprender\u00e0 diversi moduli il cui fulcro sar\u00e0 l\u2019efficienza, la centralit\u00e0 del cliente, la gestione del cambiamento, la digitalizzazione, la cultura e il modello di business.<\/p>\n<p style=\"text-align: justify;\">Questi moduli arriveranno a tutti i collaboratori in formati e momenti diversi; per mia esperienza personale esorto ognuno di voi a porci la massima attenzione e impegno personale, poich\u00e9 non esiste un modo migliore di imparare che quello della diisciplina e dell\u2019ntusiasmo personale.<\/p>\n<p style=\"text-align: right;\"><strong>Vicente Di Loreto, Direttore Generale di Codere<\/strong><\/p>\n<p style=\"text-align: right;\">(22 novembre 2018)<\/p>\n<p><\/p>","protected":false},"excerpt":{"rendered":"<p>Codere ha presentato la scorsa settimana i risultati maturati nei primi nove mesi dell&#8217;anno, che riflettono un EBITDA normalizzato di 203,6 milioni di euro &#8211; 1,8% in pi\u00f9 rispetto all&#8217;anno precedente &#8211; e ricavi per 1.115,6 milioni di euro, che a tasso di cambio costante rappresenta una crescita del 10,4% in questo stesso periodo. \u00a0 [&hellip;]<\/p>\n","protected":false},"author":1,"featured_media":6781,"comment_status":"open","ping_status":"open","sticky":false,"template":"","format":"standard","meta":{"footnotes":""},"categories":[2],"tags":[],"class_list":["post-7285","post","type-post","status-publish","format-standard","has-post-thumbnail","hentry","category-desde-presidencia"],"_links":{"self":[{"href":"https:\/\/actualidad.codere.com\/it\/wp-json\/wp\/v2\/posts\/7285","targetHints":{"allow":["GET"]}}],"collection":[{"href":"https:\/\/actualidad.codere.com\/it\/wp-json\/wp\/v2\/posts"}],"about":[{"href":"https:\/\/actualidad.codere.com\/it\/wp-json\/wp\/v2\/types\/post"}],"author":[{"embeddable":true,"href":"https:\/\/actualidad.codere.com\/it\/wp-json\/wp\/v2\/users\/1"}],"replies":[{"embeddable":true,"href":"https:\/\/actualidad.codere.com\/it\/wp-json\/wp\/v2\/comments?post=7285"}],"version-history":[{"count":1,"href":"https:\/\/actualidad.codere.com\/it\/wp-json\/wp\/v2\/posts\/7285\/revisions"}],"predecessor-version":[{"id":7286,"href":"https:\/\/actualidad.codere.com\/it\/wp-json\/wp\/v2\/posts\/7285\/revisions\/7286"}],"wp:featuredmedia":[{"embeddable":true,"href":"https:\/\/actualidad.codere.com\/it\/wp-json\/wp\/v2\/media\/6781"}],"wp:attachment":[{"href":"https:\/\/actualidad.codere.com\/it\/wp-json\/wp\/v2\/media?parent=7285"}],"wp:term":[{"taxonomy":"category","embeddable":true,"href":"https:\/\/actualidad.codere.com\/it\/wp-json\/wp\/v2\/categories?post=7285"},{"taxonomy":"post_tag","embeddable":true,"href":"https:\/\/actualidad.codere.com\/it\/wp-json\/wp\/v2\/tags?post=7285"}],"curies":[{"name":"wp","href":"https:\/\/api.w.org\/{rel}","templated":true}]}}