{"id":7419,"date":"2019-04-12T10:00:35","date_gmt":"2019-04-12T10:00:35","guid":{"rendered":"https:\/\/actualidad.codere.com\/2019\/04\/12\/editorial-12-de-abril\/"},"modified":"2023-04-12T12:46:43","modified_gmt":"2023-04-12T12:46:43","slug":"editorial-12-de-abril","status":"publish","type":"post","link":"https:\/\/actualidad.codere.com\/it\/2019\/04\/12\/editorial-12-de-abril\/","title":{"rendered":"Editoriale 12 aprile"},"content":{"rendered":"<p><\/p>\n<p style=\"text-align: justify;\"><strong><span style=\"font-size: 16px;\"><a href=\"https:\/\/actualidad.codere.com\/wp-content\/uploads\/2023\/04\/PortadaVicente.jpg\"><img fetchpriority=\"high\" decoding=\"async\" class=\"size-medium wp-image-14713 alignright\" src=\"https:\/\/actualidad.codere.com\/wp-content\/uploads\/2023\/04\/PortadaVicente.jpg\" alt=\"JAMSfondogris\" width=\"300\" height=\"225\" \/><\/a><\/span><\/strong><\/p>\n<p style=\"text-align: justify;\">E\u2019 quasi pi\u00f9 di un anno che abbiamo iniziato in Codere un processo di trasformazione orientato a rivedere la nostra strategia, il modello di business, l\u2019organizzazione e il modo in cui operiamo, promuovendo il miglioramento dell&#8217;efficienza e la creazione di valore per tutti i nostri gruppi di interesse. Nel primo anno di implementazione, in cui dal punto di vista organizzativo ci siamo spostati su un modello regionale, abbiamo generato benefici quantificabili in circa 50 milioni di euro, il che ci ha permesso di superare con successo un periodo di svalutazioni valutarie e aumenti tasse.<\/p>\n<p style=\"text-align: justify;\"><strong><span style=\"font-size: 16px;\">\u00a0<\/span><\/strong><\/p>\n<p style=\"text-align: justify;\"><span style=\"font-size: 16px;\"><span style=\"font-size: 14px;\">\u00a0<\/span><\/span><\/p>\n<p><!--more--><!--noteaser--><\/p>\n<p style=\"text-align: justify;\">E\u2019 quasi pi\u00f9 di un anno che abbiamo iniziato in Codere un processo di trasformazione orientato a rivedere la nostra strategia, il modello di business, l\u2019organizzazione e il modo in cui operiamo, promuovendo il miglioramento dell&#8217;efficienza e la creazione di valore per tutti i nostri gruppi di interesse. Nel primo anno di implementazione, in cui dal punto di vista organizzativo ci siamo spostati su un modello regionale, abbiamo generato benefici quantificabili in circa 50 milioni di euro, il che ci ha permesso di superare con successo un periodo di svalutazioni valutarie e aumenti tasse.<\/p>\n<p style=\"text-align: justify;\">Entrando nel secondo anno di questo processo, il mercato continua a presentare sfide importanti, in particolare normative, ma anche grandi opportunit\u00e0 che ci impongono di avere una maggiore capacit\u00e0 di risposta, con particolare attenzione alle questioni istituzionali, alla nostra efficienza e capacit\u00e0 operativa.<\/p>\n<p style=\"text-align: justify;\">Cos\u00ec, mercoled\u00ec scorso, con l&#8217;approvazione da parte del Consiglio di una nuova struttura organizzativa, abbiamo avviato una seconda fase di questo piano di trasformazione che ci porter\u00e0 verso un modello pi\u00f9 semplice e globale. Cerchiamo di allineare il talento e l&#8217;esperienza del nostro team direttivo alle principali sfide e opportunit\u00e0, oltre a concentrarci sulla crescita con l\u2019incremento delle nostre quote di mercato e dei nostri margini, sfruttando al contempo le nuove opportunit\u00e0 offerte dal business.<\/p>\n<p style=\"text-align: justify;\">Il nuovo organigramma prevede una nuova posizione, quella di COO <em>Retail<\/em>, che sar\u00e0 responsabile della gestione operativa dell\u2019attivit\u00e0 retail, ad eccezione dell&#8217;Italia per le particolarit\u00e0 di questo mercato. Questo ruolo sar\u00e0 ricoperto da Carlos Villaseca.<\/p>\n<p style=\"text-align: justify;\">Allo stesso tempo sono state istituite anche le figure dei <em>Regional Managers<\/em>, che concentreranno la loro attivit\u00e0 sulle enormi sfide normative e fiscali che abbiamo davanti, sull&#8217;attuazione di un piano di Responsabilit\u00e0 Sociale Corporativa e nel cogliere nuove opportunit\u00e0 di business. In tal senso Alejandro Pascual guider\u00e0 la strategia istituzionale in grado di rispondere ai crescenti attacchi al settore nei mercati europei e continuer\u00e0 a dirigere pienamente l\u2019operazione italiana. Rodrigo Gonz\u00e1lez Calvillo continuer\u00e0 a guidare l\u2019attivit\u00e0 istituzionale in Messico, che abbiamo considerato una regione a s\u00e9 a causa della rilevanza e della complessit\u00e0 di tale mercato per l&#8217;azienda\u00f9; E Bernardo Chena far\u00e0 lo stesso con gli altri nostri mercati, le cui sfide pi\u00f9 importanti saranno &#8220;difendere il bastione&#8221; in Argentina nei prossimi anni e sviluppare un&#8217;opportunit\u00e0 redditizia in Brasile.<\/p>\n<p style=\"text-align: justify;\">Dato che il mercato \u00e8 sempre pi\u00f9 internazionale e omogeneo, dobbiamo lavorare affinch\u00e9 anche le nostre politiche, strategie e tecnologie siano progressivamente globalizzate. Per questo, le aree funzionali trasversali avranno un ruolo rilevante, in particolare quelle che supportano le aree operative (Personas, IT, Finance). Ma al contempo operiamo in paesi diversi che presentano particolarit\u00e0 che richiedono un\u2019attenzione specifica e un coordinamento territoriale, che continuer\u00e0 ad essere diretto dai <em>Country managers<\/em>.<\/p>\n<p style=\"text-align: justify;\">Questa struttura, che sar\u00e0 supportata da comitati direttivi, centri di eccellenza e servizi condivisi, favorisce le sinergie e lo scambio delle iniziative migliori ed \u00e8 costituita dalla seguente struttura organizzativa:<\/p>\n<p style=\"text-align: justify;\"><a href=\"https:\/\/actualidad.codere.com\/wp-content\/uploads\/2023\/04\/Organigramaeditorial.png\"><img decoding=\"async\" class=\" wp-image-14321\" src=\"https:\/\/actualidad.codere.com\/wp-content\/uploads\/2023\/04\/Organigramaeditorial.png\" alt=\"embajada-espanola\" width=\"625\" height=\"408\" \/><\/a><\/p>\n<p style=\"text-align: justify;\">Tutto ci\u00f2 si basa su un cambiamento culturale che presuppone, in parte, una migliore identificazione e descrizione del nostro obiettivo come azienda; il che implica la responsabilit\u00e0, rispetto ai nostri <em>stakeholder,<\/em> di sviluppare e mantenere tale obiettivo in modo chiaro e determinato e di rendere visibili ogni giorno quei valori che abbiamo definito e che riteniamo essenziali per raggiungere il successo organizzativo.<\/p>\n<p style=\"text-align: justify;\">Valori che esprimono il nostro impegno a porre il cliente al centro della nostra azione, ad essere integri e trasparenti nei nostri comportamenti, lavorando con team concentrati sull&#8217;eccellenza, sull\u2019 atteggiamento innovativo, su processi supportati dalla tecnologia e focalizzati sull&#8217;efficienza, al fine di garantire nascita di valore e la nostra redditivit\u00e0.<\/p>\n<p style=\"text-align: justify;\">Questi valori, che sar\u00e0 compito di tutti noi diffondere nella nostra organizzazione perch\u00e8 diventino il DNA della nostra azienda, sono stati identificati e decisi dal top management, con la partecipazione di oltre 120 dirigenti del gruppo, e rappresentano un nuovo modo di essere, una nuova personalit\u00e0 organizzativa, eredit\u00e0 del passato e quindi coerente rispetto a ci\u00f2 che siamo stati fino ad ora, ma innovativa per il futuro.<\/p>\n<p style=\"text-align: justify;\">La nuova cultura, che presenteremo prossimamente all&#8217;intera organizzazione, genera e alimenta \u00a0i tratti e i contenuti del nostro nuovo esclusivo marchio Codere, che sar\u00e0 presentato nelle prossime settimane.<\/p>\n<p style=\"text-align: right;\"><strong>Vicente Di Loreto, direttore generale del Gruppo Codere<\/strong><\/p>\n<p style=\"text-align: right;\">(12 aprile de\u00a02019)<\/p>\n<p><\/p>","protected":false},"excerpt":{"rendered":"<p>Ci spiace, ma questo articolo \u00e8 disponibile soltanto in Espa\u00f1ol.<\/p>\n","protected":false},"author":1,"featured_media":7420,"comment_status":"open","ping_status":"open","sticky":false,"template":"","format":"standard","meta":{"footnotes":""},"categories":[2],"tags":[],"class_list":["post-7419","post","type-post","status-publish","format-standard","has-post-thumbnail","hentry","category-desde-presidencia"],"_links":{"self":[{"href":"https:\/\/actualidad.codere.com\/it\/wp-json\/wp\/v2\/posts\/7419","targetHints":{"allow":["GET"]}}],"collection":[{"href":"https:\/\/actualidad.codere.com\/it\/wp-json\/wp\/v2\/posts"}],"about":[{"href":"https:\/\/actualidad.codere.com\/it\/wp-json\/wp\/v2\/types\/post"}],"author":[{"embeddable":true,"href":"https:\/\/actualidad.codere.com\/it\/wp-json\/wp\/v2\/users\/1"}],"replies":[{"embeddable":true,"href":"https:\/\/actualidad.codere.com\/it\/wp-json\/wp\/v2\/comments?post=7419"}],"version-history":[{"count":1,"href":"https:\/\/actualidad.codere.com\/it\/wp-json\/wp\/v2\/posts\/7419\/revisions"}],"predecessor-version":[{"id":7421,"href":"https:\/\/actualidad.codere.com\/it\/wp-json\/wp\/v2\/posts\/7419\/revisions\/7421"}],"wp:featuredmedia":[{"embeddable":true,"href":"https:\/\/actualidad.codere.com\/it\/wp-json\/wp\/v2\/media\/7420"}],"wp:attachment":[{"href":"https:\/\/actualidad.codere.com\/it\/wp-json\/wp\/v2\/media?parent=7419"}],"wp:term":[{"taxonomy":"category","embeddable":true,"href":"https:\/\/actualidad.codere.com\/it\/wp-json\/wp\/v2\/categories?post=7419"},{"taxonomy":"post_tag","embeddable":true,"href":"https:\/\/actualidad.codere.com\/it\/wp-json\/wp\/v2\/tags?post=7419"}],"curies":[{"name":"wp","href":"https:\/\/api.w.org\/{rel}","templated":true}]}}