{"id":7512,"date":"2019-06-27T07:29:30","date_gmt":"2019-06-27T07:29:30","guid":{"rendered":"https:\/\/actualidad.codere.com\/2019\/06\/27\/desayuna-con-valor\/"},"modified":"2023-04-12T12:47:19","modified_gmt":"2023-04-12T12:47:19","slug":"desayuna-con-valor","status":"publish","type":"post","link":"https:\/\/actualidad.codere.com\/it\/2019\/06\/27\/desayuna-con-valor\/","title":{"rendered":"Desayuna con valor"},"content":{"rendered":"<p><\/p>\n<p style=\"text-align: justify;\"><a href=\"https:\/\/actualidad.codere.com\/wp-content\/uploads\/2023\/04\/clientecentrismo-1.jpg\"><img fetchpriority=\"high\" decoding=\"async\" class=\"size-medium wp-image-14321 alignleft\" src=\"https:\/\/actualidad.codere.com\/wp-content\/uploads\/2023\/04\/clientecentrismo-1.jpg\" alt=\"Amalia\" width=\"300\" height=\"196\" \/><\/a><\/p>\n<p style=\"text-align: justify;\">Uno dei cinque valori che l\u2019azienda ha intesco come fondamentale per il nostro successo organizzativo e che per questo stiamo promuovendo come base della nostra cultura, \u00e8 quello del \u201ccliente al centro della nostra strategia\u201d. Vale a dire una filosof\u00eda che si mette nei panni del cliente per adattare l\u2019organizzazione e i suoi processi alla soddisfazione delle sue necessit\u00e0.<\/p>\n<p style=\"text-align: justify;\">\u00a0<\/p>\n<p style=\"text-align: justify;\"><!--more--><!--noteaser--><\/p>\n<h2 style=\"text-align: justify;\">\u00a0<\/h2>\n<figure id=\"attachment_14321\" aria-describedby=\"caption-attachment-14321\" style=\"width: 625px\" class=\"wp-caption alignnone\"><a href=\"https:\/\/actualidad.codere.com\/wp-content\/uploads\/2023\/04\/clientecentrismo-1.jpg\"><img decoding=\"async\" class=\" wp-image-14321\" src=\"https:\/\/actualidad.codere.com\/wp-content\/uploads\/2023\/04\/clientecentrismo-1.jpg\" alt=\"embajada-espanola\" width=\"625\" height=\"408\" \/><\/a><figcaption id=\"caption-attachment-14321\" class=\"wp-caption-text\">Vicente Di Loreto, direttore generale di Grupo Codere.<\/figcaption><\/figure>\n<p style=\"text-align: justify;\"><strong>Madrid, 1 de luglio de 2019.\u00a0<\/strong>Uno dei cinque valori che l\u2019azienda ha intesco come fondamentale per il nostro successo organizzativo e che per questo stiamo promuovendo come base della nostra cultura, \u00e8 quello del \u201ccliente al centro della nostra strategia\u201d. Vale a dire una filosof\u00eda che si mette nei panni del cliente per adattare l\u2019organizzazione e i suoi processi alla soddisfazione delle sue necessit\u00e0.<\/p>\n<p style=\"text-align: justify;\">E\u2019 un concetto diffuso da un p\u00f2 di tempo in Codere, infatti \u00e8 da anni\u00a0 che abbiamo iniziato a sviluppare le capacit\u00e0 di conoscenza dei nostri clienti al fine di evolvere il nostro modello logistico tradizionale. Ora per\u00f2 lo stiamo pormuovendo con ancora pi\u00f9 forza attraveso un cambiamento all\u2019interno della nostra organizzazione nella sua propia essenza, passando attraverso la struttura, le capacit\u00e0 e la strategia, con il fine di influenzare la nostra immagine e per garantire il nostro orientamento nei confronti del cliente in tutti i suoi aspetti e la crescita in parallelo alle sue aspettative.<\/p>\n<p style=\"text-align: justify;\">Su tutto questo sono state fatte delle riflessioni durante la prima <em>Colazione con valori <\/em>celebrata nella sede corporativa di Madrid. Un incontro in cui il nostro direttore generale Vicente Di Loreto, si \u00e8 riunito insieme ad un gruppo di dipendenti scelti dai propi colleghi come <em>ambasciatori <\/em>di questo valore. Cos\u00ec le colazioni con i dipendenti richieste dal nostro CEO da vari mesi per risolvere dubbi e accogliere suggerimenti, da oggi avranno uno spazio dedicato per affrontare insieme il modo in cui potenziare questi valori e la cultura Codere nel nostro lavoro quotidiano.<\/p>\n<p style=\"text-align: justify;\">In questa occasione si \u00e8 parlato del valore \u201c<em>Il cliente al centro\u201d. <\/em>Abbiamo capito che ognuno di noi deve individuare, ognuno dalla propia posizione, chi \u00e8 il nostro cliente, se \u00e8 esterno o interno. Conoscere altres\u00ec la strategia e gli obiettivi dell\u2019azienda, quelli della propia area\u2026 e raggiungere cos\u00ec il giusto punto di equilibrio tra la soddisfazione del cliente e questi altri aspetti, in modo tale che questo valore possa realmente rappresentare un contributo sostenibile e redditizio.<\/p>\n<p style=\"text-align: justify;\">Da qui il ruolo fondamentale della comunicazione, sia interna, per far arrivare questi valori e questa strategia ai dipendenti, che esterna, per far capire al mercato chi siamo e cosa facciamo. In questo senso il team di Comunicazione Corporativa sta gi\u00e0 lavorando sul modo di migliorare il nostro ruolo, cosa che speriamo di mostrarvi nei prossimi mesi.<\/p>\n<p style=\"text-align: justify;\">Queste colazioni continueranno ad essere organizzate in futuro per affrontare allo stesso modo il concetto di integrit\u00e0 e trasparenza, il lavoro di squadra impegnato per raggiungere l\u2019eccellenza, l\u2019efficienza e la tecnologia. L\u2019azienda metter\u00e0 in campo anche altre inziative per la partecipazione globale alla diffusione della nostra cultura.<\/p>\n<p style=\"text-align: justify;\">Nel frattempo vogliamo ascoltarti. Conosci qualcuno che impersona uno dei nostri valori? Vuoi raccontarci perch\u00e8? Hai qualche iniziativa da proporre per diffondere i nostri valori e viverli insieme? Hai qualche dubbio che ti possiamo aiutare a sciogliere?<\/p>\n<p style=\"text-align: justify;\"><strong>Non esitare a contattarci a <a href=\"mailto:comunicacioninterna.corporativa@codere.com\">comunicacioninterna.corporativa@codere.com<\/a><\/strong><\/p>\n<p>\u00a0<\/p>\n<p>\u00a0<\/p>\n<p><\/p>","protected":false},"excerpt":{"rendered":"<p>Ci spiace, ma questo articolo \u00e8 disponibile soltanto in Espa\u00f1ol.<\/p>\n","protected":false},"author":1,"featured_media":7513,"comment_status":"open","ping_status":"open","sticky":false,"template":"","format":"standard","meta":{"footnotes":""},"categories":[3],"tags":[],"class_list":["post-7512","post","type-post","status-publish","format-standard","has-post-thumbnail","hentry","category-somos-responsables"],"_links":{"self":[{"href":"https:\/\/actualidad.codere.com\/it\/wp-json\/wp\/v2\/posts\/7512","targetHints":{"allow":["GET"]}}],"collection":[{"href":"https:\/\/actualidad.codere.com\/it\/wp-json\/wp\/v2\/posts"}],"about":[{"href":"https:\/\/actualidad.codere.com\/it\/wp-json\/wp\/v2\/types\/post"}],"author":[{"embeddable":true,"href":"https:\/\/actualidad.codere.com\/it\/wp-json\/wp\/v2\/users\/1"}],"replies":[{"embeddable":true,"href":"https:\/\/actualidad.codere.com\/it\/wp-json\/wp\/v2\/comments?post=7512"}],"version-history":[{"count":1,"href":"https:\/\/actualidad.codere.com\/it\/wp-json\/wp\/v2\/posts\/7512\/revisions"}],"predecessor-version":[{"id":7514,"href":"https:\/\/actualidad.codere.com\/it\/wp-json\/wp\/v2\/posts\/7512\/revisions\/7514"}],"wp:featuredmedia":[{"embeddable":true,"href":"https:\/\/actualidad.codere.com\/it\/wp-json\/wp\/v2\/media\/7513"}],"wp:attachment":[{"href":"https:\/\/actualidad.codere.com\/it\/wp-json\/wp\/v2\/media?parent=7512"}],"wp:term":[{"taxonomy":"category","embeddable":true,"href":"https:\/\/actualidad.codere.com\/it\/wp-json\/wp\/v2\/categories?post=7512"},{"taxonomy":"post_tag","embeddable":true,"href":"https:\/\/actualidad.codere.com\/it\/wp-json\/wp\/v2\/tags?post=7512"}],"curies":[{"name":"wp","href":"https:\/\/api.w.org\/{rel}","templated":true}]}}