{"id":7585,"date":"2019-09-11T13:26:36","date_gmt":"2019-09-11T13:26:36","guid":{"rendered":"https:\/\/actualidad.codere.com\/2019\/09\/11\/edificando-vidas-en-codere-panama\/"},"modified":"2023-04-12T12:47:49","modified_gmt":"2023-04-12T12:47:49","slug":"edificando-vidas-en-codere-panama","status":"publish","type":"post","link":"https:\/\/actualidad.codere.com\/it\/2019\/09\/11\/edificando-vidas-en-codere-panama\/","title":{"rendered":"Costruire percorsi di vita\u201d  in Codere Panam\u00e0"},"content":{"rendered":"<p><\/p>\n<p style=\"text-align: justify;\"><a href=\"https:\/\/actualidad.codere.com\/wp-content\/uploads\/2023\/04\/Panama1-2.jpg\"><img fetchpriority=\"high\" decoding=\"async\" class=\"size-medium wp-image-14321 alignleft\" src=\"https:\/\/actualidad.codere.com\/wp-content\/uploads\/2023\/04\/Panama1-2.jpg\" alt=\"Amalia\" width=\"300\" height=\"196\" \/><\/a><\/p>\n<p style=\"text-align: justify;\">Nel mese di maggio del 2018, Codere Panam\u00e0 ha lanciato il <em>Programma integrale \u201ccostruire percorsi di vita\u201d, <\/em>porgetto pilota che fin dall\u2019inizio ha potuto contare sulla collaborazione e il supporto psicosociale della Fondazione <em>Dando la Milla Extra <\/em>(che si basa sul concetto del fare di pi\u00f9 di quello che ci viene richiesto) e dell\u2019Istituto Nazionale di Formazione Professionale e formazione per lo Sviluppo Umano (INADEH). Grazie ai risultati ottenuti, quest\u2019anno la nostra organizzazione ha rinnovato l\u2019accordo con entrambe le entit\u00e0, per dare un seguito e ampliare questo tipo di iniziative sociali.<\/p>\n<p style=\"text-align: justify;\">\u00a0<\/p>\n<p style=\"text-align: justify;\"><!--more--><!--noteaser--><\/p>\n<h2 style=\"text-align: justify;\">\u00a0<\/h2>\n<figure id=\"attachment_14321\" aria-describedby=\"caption-attachment-14321\" style=\"width: 625px\" class=\"wp-caption alignnone\"><a href=\"https:\/\/actualidad.codere.com\/wp-content\/uploads\/2023\/04\/Panama1-2.jpg\"><img decoding=\"async\" class=\" wp-image-14321\" src=\"https:\/\/actualidad.codere.com\/wp-content\/uploads\/2023\/04\/Panama1-2.jpg\" alt=\"embajada-espanola\" width=\"625\" height=\"408\" \/><\/a><figcaption id=\"caption-attachment-14321\" class=\"wp-caption-text\">Giovani dell\u2019Accademia Tecnica di Formazione dei Fantini Laffit Pincay<\/figcaption><\/figure>\n<p style=\"text-align: justify;\"><strong>Panam\u00e0, 12 settembre 2019.\u00a0<\/strong>Nel mese di maggio del 2018, Codere Panam\u00e0 ha lanciato il <em>Programma integrale \u201ccostruire percorsi di vita\u201d, <\/em>porgetto pilota che fin dall\u2019inizio ha potuto contare sulla collaborazione e il supporto psicosociale della Fondazione <em>Dando la Milla Extra <\/em>(che si basa sul concetto del fare di pi\u00f9 di quello che ci viene richiesto) e dell\u2019Istituto Nazionale di Formazione Professionale e formazione per lo Sviluppo Umano (INADEH). Grazie ai risultati ottenuti, quest\u2019anno la nostra organizzazione ha rinnovato l\u2019accordo con entrambe le entit\u00e0, per dare un seguito e ampliare questo tipo di iniziative sociali.<\/p>\n<p style=\"text-align: justify;\">Tale Programma<em>, <\/em>ora potenziato, ha l\u2019obiettivo di formare i giovani dell\u2019Accademia Tecnica di Formazione dei Fantini Laffit Pincay, che sono a rischio sociale, con un piano di formazione, sviluppo umano e integrazione nell\u2019ambiente familiare, in modo che si possano inserire positivamente nel contesto sociale al termine della formazione tecnica, una volta divenuti <em>jockeys \u2013 <\/em>fantini<em>.<\/em><\/p>\n<p style=\"text-align: justify;\">La storia dell\u2019Accademia Laffit Pincay risale al 1957, quando fu istituita per preparare i futuri <em>jockeys<\/em>. Ma solo nel 2009 la nostra azienda ha dato vita ufficialmente ad un centro studi sostenuto da MEDUCA (Ministero di Educazione di Panam\u00e0), che oggi viene considerato come <em>la culla dei migliori fantini del mondo. <\/em>Un\u2019istituzione dunque a vantaggio della giovent\u00f9 panamense, che vede in questa disciplina un\u2019opportunit\u00e0 di migliorare la \u00a0qualit\u00e0 di vita degli studenti dell\u2019Accademia e quella delle loro famiglie.<\/p>\n<p style=\"text-align: justify;\">Inoltre, alcuni di questi ragazzi frequentano la scuola superiore mentre iniziano la loro preparazione per ottenere il titolo di tecnico intermedio nella <em>Cavalcata dei cavalli purosangue, <\/em>ed \u00e8 importante segnalare che molti di loro hanno raggiunto importanti traguardi nella professione, tanto a livello nazionale che internazionale.<\/p>\n<p style=\"text-align: justify;\">Quest\u2019anno nell\u2019Accademia di fantini Laffit Pincay abbiamo 48 studenti, la maggior parte dei quali proveniente da famiglie divise, di umili origini, che vivono in un contesto inadeguato. Per questo vengono considerati vulnerabili e a rischio sociale.<\/p>\n<figure id=\"attachment_14321\" aria-describedby=\"caption-attachment-14321\" style=\"width: 625px\" class=\"wp-caption alignnone\"><a href=\"https:\/\/actualidad.codere.com\/wp-content\/uploads\/2023\/04\/Panama2-8.jpg\"><img decoding=\"async\" class=\" wp-image-14321\" src=\"https:\/\/actualidad.codere.com\/wp-content\/uploads\/2023\/04\/Panama2-8.jpg\" alt=\"embajada-espanola\" width=\"625\" height=\"408\" \/><\/a><figcaption id=\"caption-attachment-14321\" class=\"wp-caption-text\">Studenti\u00a0dell\u2019Accademia Tecnica di Formazione dei Fantini Laffit Pincay<\/figcaption><\/figure>\n<p style=\"text-align: justify;\"><em>Costruire percorsi di vita<\/em>, nella sua fase di esecuzione iniziale, ha una durata compresa tra i due mesi e mezzo e quattro, dipende dalla durata del corso impartito. Per raggiungere gli obiettivi, ogni anno,all\u2019inizio dell\u2019anno scolastico, per gli studenti iscritti all\u2019Accademia di fantini, si realizza uno studio socioeconomico, perch\u00e8 conoscano la loro situazione attuale e stabiliscano piani di azione mirati alla prevenzione e all\u2019orientamento generale.<\/p>\n<p style=\"text-align: justify;\">Cos\u00ec in Codere sono state stabilite alleanze strategiche con istituzioni governative e ONGs, come il Ministero dell\u2019Educazione, quello della Salute, la fondazione <em>Dando la milla extra <\/em>e l\u2019Istituto Nazionale di Formazione Professionale e Formazione per lo Sviluppo Umano (INADEH).<\/p>\n<p style=\"text-align: justify;\">Con l\u2019intervento di ognuna di queste istituzioni, si contribuisce a ridurre i comportamenti a rischio legati a possibili dipendenze a cui questi ragazzi possono essere pi\u00f9 inclini a causa dell\u2019ambiente che li circonda. Inoltre, vengono effettuati anche controlli sanitari e organizzati colloqui o workshop sulla tossicodipendenza all&#8217;interno di questa gamma di azioni parallele allo sviluppo delle conoscenze tecniche, al fine di ampliare la loro gamma di opportunit\u00e0, fornendo loro abilit\u00e0 e competenze.<\/p>\n<p style=\"text-align: justify;\">Questo programma socioeducativo si sviluppa sui due seguenti assi di intervento<\/p>\n<ul style=\"text-align: justify;\">\n<li><strong>Accompagnamento spirituale, <\/strong>con cui gli studenti, due volte a settimana, seguono un corso della durata di mezz\u2019ora relativo alla crescita interiore.<\/li>\n<li><strong>Sviluppo umano, <\/strong>che ha lo scopo di aumentare le opportunit\u00e0 per questi studenti, di mostare loro il valore dei risultati raggiunti e di renderli consapevoli della responsabilt\u00e0 che hanno in ogni aspetto della professione o lavoro che svolgeranno.<\/li>\n<\/ul>\n<p style=\"text-align: justify;\">Il 14 novembre 2018 ci sono stati i primi diplomi degli studenti che hanno seguito questo programma in parallelo alla <em>Formazione tecnica in idraulica residenziale di base. <\/em>Quest\u2019anno saranno svolti anche corsi di inglese basico, sviluppo umano ed elettricit\u00e0.<\/p>\n<p style=\"text-align: justify;\">Inoltre l\u2019Accademia continua a dare un sostegno economico agli studenti meno abbienti offrendo alloggio gratuito, con <u>i dormitori Laffit Pincay<\/u><\/p>\n<p style=\"text-align: justify;\"><strong>Altre inziative socialmente responsabili in Codere Panam\u00e0<\/strong><\/p>\n<p style=\"text-align: justify;\">Nel quadro della responsabilit\u00e0 sociale, durante l\u2019anno, Codere Panam\u00e0 ha intrapreso diverse attivit\u00e0 rivolte all\u2019educazione e alla salute. In quest\u2019ambito l\u2019unit\u00e0 di Codere Panam\u00e0 aderisce ad un\u2019iniziativa del <em>Club de Leones<\/em> della Provincia di Chriqu\u00ec, con la C<em>ampagna<\/em> <em>dona un pannolino, <\/em>che avr\u00e0 luogo nel mese di agosto, con l\u2019obiettivo di dare il nostro piccolo contributo.<\/p>\n<p style=\"text-align: justify;\">L\u2019attivit\u00e0 consiste in una raccolta di pannolini in tutte le sale che abbiamo nel paese, permettendo cos\u00ec ai collaboratori di partecipare ad una inizativa tanto lodevole.<\/p>\n<p style=\"text-align: justify;\">Lo scopo \u00e8 quello di raccogliere 155.000 pannolini usa e getta che saranno poi donati all\u2019Ospedale Jose Domingo de Obald\u00eca, l\u2019ospedale materno infantile della provincia. Senza dubbio sar\u00e0 di grande aiuto per le famiglie con modeste possibilit\u00e0 e per quelle pi\u00f9 indigenti.<\/p>\n<p>\u00a0<\/p>\n<p>\u00a0<\/p>\n<p>\u00a0<\/p>\n<p>\u00a0<\/p>\n<p>\u00a0<\/p>\n<p><\/p>","protected":false},"excerpt":{"rendered":"<p>Ci spiace, ma questo articolo \u00e8 disponibile soltanto in Espa\u00f1ol.<\/p>\n","protected":false},"author":1,"featured_media":7586,"comment_status":"open","ping_status":"open","sticky":false,"template":"","format":"standard","meta":{"footnotes":""},"categories":[3],"tags":[],"class_list":["post-7585","post","type-post","status-publish","format-standard","has-post-thumbnail","hentry","category-somos-responsables"],"_links":{"self":[{"href":"https:\/\/actualidad.codere.com\/it\/wp-json\/wp\/v2\/posts\/7585","targetHints":{"allow":["GET"]}}],"collection":[{"href":"https:\/\/actualidad.codere.com\/it\/wp-json\/wp\/v2\/posts"}],"about":[{"href":"https:\/\/actualidad.codere.com\/it\/wp-json\/wp\/v2\/types\/post"}],"author":[{"embeddable":true,"href":"https:\/\/actualidad.codere.com\/it\/wp-json\/wp\/v2\/users\/1"}],"replies":[{"embeddable":true,"href":"https:\/\/actualidad.codere.com\/it\/wp-json\/wp\/v2\/comments?post=7585"}],"version-history":[{"count":1,"href":"https:\/\/actualidad.codere.com\/it\/wp-json\/wp\/v2\/posts\/7585\/revisions"}],"predecessor-version":[{"id":7588,"href":"https:\/\/actualidad.codere.com\/it\/wp-json\/wp\/v2\/posts\/7585\/revisions\/7588"}],"wp:featuredmedia":[{"embeddable":true,"href":"https:\/\/actualidad.codere.com\/it\/wp-json\/wp\/v2\/media\/7586"}],"wp:attachment":[{"href":"https:\/\/actualidad.codere.com\/it\/wp-json\/wp\/v2\/media?parent=7585"}],"wp:term":[{"taxonomy":"category","embeddable":true,"href":"https:\/\/actualidad.codere.com\/it\/wp-json\/wp\/v2\/categories?post=7585"},{"taxonomy":"post_tag","embeddable":true,"href":"https:\/\/actualidad.codere.com\/it\/wp-json\/wp\/v2\/tags?post=7585"}],"curies":[{"name":"wp","href":"https:\/\/api.w.org\/{rel}","templated":true}]}}