{"id":7602,"date":"2019-09-10T17:18:23","date_gmt":"2019-09-10T17:18:23","guid":{"rendered":"https:\/\/actualidad.codere.com\/2019\/09\/10\/aclaracion-sobre-noticias-publicadas-en-prensa-ultimamente\/"},"modified":"2019-09-10T17:18:23","modified_gmt":"2019-09-10T17:18:23","slug":"aclaracion-sobre-noticias-publicadas-en-prensa-ultimamente","status":"publish","type":"post","link":"https:\/\/actualidad.codere.com\/it\/2019\/09\/10\/aclaracion-sobre-noticias-publicadas-en-prensa-ultimamente\/","title":{"rendered":"Chiarimenti sulle notizie pubblicati ultimamenti sulla stampa"},"content":{"rendered":"<p><\/p>\n<p style=\"text-align: justify;\">Vorrei approfittare di questo spazio anche per fare chiarezza su alcune informazioni pubblicate in questi giorni sui media.<\/p>\n<p style=\"text-align: justify;\"><strong><span style=\"font-size: 16px;\">\u00a0<\/span><\/strong><\/p>\n<p style=\"text-align: justify;\"><span style=\"font-size: 16px;\"><span style=\"font-size: 14px;\">\u00a0<\/span><\/span><\/p>\n<p style=\"text-align: justify;\"><!--more--><!--more--><\/p>\n<p style=\"text-align: justify;\"><!--noteaser--><\/p>\n<p style=\"text-align: justify;\">Vorrei approfittare di questo spazio anche per fare chiarezza su alcune informazioni pubblicate in questi giorni sui media.<\/p>\n<p style=\"text-align: justify;\">In primo luogo, e come probabilmente saprete, il risultato delle elezioni primarie dell&#8217;11 agosto in Argentina ha causato una significativa crisi finanziaria nel paese, con un\u2019importante svalutazione del peso, che ha avuto una rapida ripercussione sul prezzo delle nostre obbligazioni, vista la nostra esposizione in questo mercato.<\/p>\n<p style=\"text-align: justify;\">Sebbene il prezzo abbia parzialmente recuperato, ci\u00f2 ha logicamente sollevato una preoccupazione generale per i nostri risultati in questo nuovo scenario, quindi vorrei condividere un messaggio di calma, che abbiamo anche trasferito ai nostri investitori, in attesa della pubblicazione dei nostri risultati il 13 settembre. Poich\u00e9 la performance positiva principalmente di Messico, Spagna, Uruguay e del nostro business <em>online<\/em>, ci consente di attenuare l&#8217;impatto e mantenere il livello di redditivit\u00e0 che avevamo anticipato al mercato per il 2019.<\/p>\n<p style=\"text-align: justify;\">A questo proposito, vorrei anche commentare la decisione presa oggi dall&#8217;agenzia Moody\u2019s di abbassare il rating alla nostra azienda (mentre S&amp;P lo mantiene, sebbene la metta sotto controllo), decisione basata principalmente su questa attuale situazione in Argentina.<\/p>\n<p style=\"text-align: justify;\">Da Codere abbiamo gi\u00e0 espresso pubblicamente il nostro disaccordo con questa decisione, comprendendo che si tratta di una reazione eccessiva dell&#8217;agenzia, incompatibile con la realt\u00e0 della situazione, perch\u00e9 la nostra organizzazione oggi \u00e8 pi\u00f9 resiliente, la rappresentativit\u00e0 dell&#8217;Argentina \u00e8 la pi\u00f9 bassa dal 2005 e l\u2019azienda \u00e8 pronta a reagire a qualsiasi scenario che si verifichi nel paese, oltre al fatto che rispetteremo la <em>guidance<\/em> presentata per l&#8217;anno in corso.<\/p>\n<p style=\"text-align: justify;\">Infine, in questi giorni abbiamo avuto anche molte informazioni sul processo di Discovery, che coinvolge diversi azionisti della societ\u00e0.<\/p>\n<p style=\"text-align: justify;\">In questo caso, il silenzio di Codere non \u00e8 dovuto ad altro motivo se non al fatto che si tratta di un conflitto tra azionisti, sul quale, ci rendiamo conto che l\u2019azienda non dovrebbe pronunciarsi, perch\u00e9 non fa parte del processo e perch\u00e9 non deve interferire con il processo stesso . Mi pronuncio ancora come gi\u00e0 fatto in passato in merito a voci simili: il tempo \u00e8 il miglior amico della verit\u00e0 e sar\u00e0 una questione di attesa di risposte giudiziarie e prove di ci\u00f2 che la societ\u00e0 non pu\u00f2 segnalare al momento.<\/p>\n<p style=\"text-align: justify;\">Infine, in relazione alla notizia pubblicata su richiesta dell\u2019ultimo momento dei fratelli Mart\u00ednez Sampedro, di sospendere il processo che avrebbe dovuto aver inizio ieri, mercoled\u00ec 11 settembre, (questa volta in un causa che s\u00ec coinvolge l&#8217;azienda e con cui si intende contestare gli accordi del Consiglio di Amministrazione che prevedevano la loro cessazione come figure al vertice) ci dispiace che questa situazione ritardi un processo la cui risoluzione potrebbe finalmente chiarire, come prevediamo, in modo favorevole per la societ\u00e0, questo conflitto.<\/p>\n<p style=\"text-align: right;\"><strong>Vicente Di Loreto, direttore generale del Gruppo Codere<\/strong><\/p>\n<p style=\"text-align: right;\">(12 settembre\u00a02019)<\/p>\n<p><\/p>","protected":false},"excerpt":{"rendered":"<p>Vorrei approfittare di questo spazio anche per fare chiarezza su alcune informazioni pubblicate in questi giorni sui media. \u00a0 \u00a0<\/p>\n","protected":false},"author":1,"featured_media":0,"comment_status":"open","ping_status":"open","sticky":false,"template":"","format":"standard","meta":{"footnotes":""},"categories":[2],"tags":[],"class_list":["post-7602","post","type-post","status-publish","format-standard","hentry","category-desde-presidencia"],"_links":{"self":[{"href":"https:\/\/actualidad.codere.com\/it\/wp-json\/wp\/v2\/posts\/7602","targetHints":{"allow":["GET"]}}],"collection":[{"href":"https:\/\/actualidad.codere.com\/it\/wp-json\/wp\/v2\/posts"}],"about":[{"href":"https:\/\/actualidad.codere.com\/it\/wp-json\/wp\/v2\/types\/post"}],"author":[{"embeddable":true,"href":"https:\/\/actualidad.codere.com\/it\/wp-json\/wp\/v2\/users\/1"}],"replies":[{"embeddable":true,"href":"https:\/\/actualidad.codere.com\/it\/wp-json\/wp\/v2\/comments?post=7602"}],"version-history":[{"count":0,"href":"https:\/\/actualidad.codere.com\/it\/wp-json\/wp\/v2\/posts\/7602\/revisions"}],"wp:attachment":[{"href":"https:\/\/actualidad.codere.com\/it\/wp-json\/wp\/v2\/media?parent=7602"}],"wp:term":[{"taxonomy":"category","embeddable":true,"href":"https:\/\/actualidad.codere.com\/it\/wp-json\/wp\/v2\/categories?post=7602"},{"taxonomy":"post_tag","embeddable":true,"href":"https:\/\/actualidad.codere.com\/it\/wp-json\/wp\/v2\/tags?post=7602"}],"curies":[{"name":"wp","href":"https:\/\/api.w.org\/{rel}","templated":true}]}}