{"id":7669,"date":"2019-12-02T08:56:14","date_gmt":"2019-12-02T08:56:14","guid":{"rendered":"https:\/\/actualidad.codere.com\/2019\/12\/02\/parque-codere-abre-sus-puertas\/"},"modified":"2023-04-12T12:48:20","modified_gmt":"2023-04-12T12:48:20","slug":"parque-codere-abre-sus-puertas","status":"publish","type":"post","link":"https:\/\/actualidad.codere.com\/it\/2019\/12\/02\/parque-codere-abre-sus-puertas\/","title":{"rendered":"Parco Codere apre le sue porte"},"content":{"rendered":"<p><\/p>\n<p style=\"text-align: justify;\"><a href=\"https:\/\/actualidad.codere.com\/wp-content\/uploads\/2023\/04\/Terrafest.png\"><img fetchpriority=\"high\" decoding=\"async\" class=\"size-medium wp-image-14321 alignleft\" src=\"https:\/\/actualidad.codere.com\/wp-content\/uploads\/2023\/04\/Terrafest.png\" alt=\"Amalia\" width=\"300\" height=\"196\" \/><\/a><\/p>\n<p style=\"text-align: justify;\">Parco Codere ha aperto le sue porte, quindi da ora in poi il pubblico messicano potr\u00e0 beneficiare di un progetto innovativo che unisce sport, tempo libero e famiglia, all\u2019interno dell\u2019Ippodromo Las Am\u00e8ricas, una struttura fino ad oggi rivolta alle gare dei cavalli.<\/p>\n<p style=\"text-align: justify;\">\u00a0<\/p>\n<p style=\"text-align: justify;\"><!--more--><!--noteaser--><\/p>\n<h2 style=\"text-align: justify;\">\u00a0<\/h2>\n<figure id=\"attachment_14321\" aria-describedby=\"caption-attachment-14321\" style=\"width: 625px\" class=\"wp-caption alignnone\"><a href=\"https:\/\/actualidad.codere.com\/wp-content\/uploads\/2023\/04\/Terrafest.png\"><img decoding=\"async\" class=\" wp-image-14321\" src=\"https:\/\/actualidad.codere.com\/wp-content\/uploads\/2023\/04\/Terrafest.png\" alt=\"embajada-espanola\" width=\"625\" height=\"408\" \/><\/a><figcaption id=\"caption-attachment-14321\" class=\"wp-caption-text\">Gara Terra Fest.<\/figcaption><\/figure>\n<p style=\"text-align: justify;\"><strong>Madrid\/M\u00e9xico, 3 dicembre de 2019.-\u00a0<\/strong>Parco Codere ha aperto le sue porte, quindi da ora in poi il pubblico messicano potr\u00e0 beneficiare di un progetto innovativo che unisce sport, tempo libero e famiglia, all\u2019interno dell\u2019Ippodromo Las Am\u00e8ricas, una struttura fino ad oggi rivolta alle gare dei cavalli.<\/p>\n<p style=\"text-align: justify;\">L\u2019azienda vuole che questo spazio, situato nell\u2019 <em>infield <\/em>o centro del circuito dell\u2019ippodromo, diventi uno dei principali luoghi di intrattenimento sportivo a tutti i livelli, e per questo l\u2019inaugurazione ha avuto luogo insieme alla celebrazione della prima edizione del Terra Fest, l\u2019evento pi\u00f9 importante di <em>running <\/em>di Citt\u00e0 del Messico, che ha previsto prove di atletica di cinque o dieci chilometri, sia individuali che di gruppo, e diverse gare per bambini, a cui hanno partecipato un totale di 1058 runner adulti, 88 concorrenti bambini e una media di 3.430 persone tra runner e invitati.<\/p>\n<p><a href=\"https:\/\/actualidad.codere.com\/wp-content\/uploads\/2023\/04\/Terrafest2.jpg\"><img decoding=\"async\" class=\" wp-image-14321\" src=\"https:\/\/actualidad.codere.com\/wp-content\/uploads\/2023\/04\/Terrafest2.jpg\" alt=\"embajada-espanola\" width=\"625\" height=\"408\" \/><\/a><\/p>\n<p style=\"text-align: justify;\">Dopo la gara c\u2019\u00e8 stato un festival a favore dell\u2019ambiente, con attivit\u00e0 per bambini patrocinate da Granja las Am\u00e8ricas, dove i pi\u00f9 piccoli hanno capito come prendersi pi\u00f9 cura del pianeta attraverso attivit\u00e0 ludiche. Tra le tante cose, sono state create aree relax, aree dedicate all\u2019alimentazione, alla presentazione di marchi sportivi e sponsor.<\/p>\n<p style=\"text-align: justify;\">\u201cQuesto evento, oltre a promuovere i vantaggi legati alla salute e alla socializzazione, sostiene l\u2019ecologia e la sostenibilit\u00e0 ambientale, temi prioritari oggigiorno nel\u00a0 mondo, nel nostro paese e nella nostra citt\u00e0\u201d, ha spiegato <strong>Rodrigo Gonz\u00e1lez Calvillo, regional manager di Codere Messico <\/strong>durante l\u2019apertura , e ha aggiunto \u201cOltre al centro di Esposizione e Congressi, a Granja las Americas y alle sue corse di cavalli, abbiamo anche questo parco in cui i corridori possono disporre di sicurezza, \u00a0parcheggio, servizi sanitari e, in breve, di pi\u00f9 aree con vari tipi di sport\u201d.<\/p>\n<p style=\"text-align: justify;\">Alla presentazione del Parco Codere hanno partecipato anche i media, influencers di stili di vita e di sport e autorit\u00e0 locali. Un successo\u00a1<\/p>\n<p>\u00a0<\/p>\n<p><em>\u00a0<\/em><\/p>\n<p><\/p>","protected":false},"excerpt":{"rendered":"<p>Ci spiace, ma questo articolo \u00e8 disponibile soltanto in Espa\u00f1ol.<\/p>\n","protected":false},"author":1,"featured_media":7670,"comment_status":"open","ping_status":"open","sticky":false,"template":"","format":"standard","meta":{"footnotes":""},"categories":[3],"tags":[],"class_list":["post-7669","post","type-post","status-publish","format-standard","has-post-thumbnail","hentry","category-somos-responsables"],"_links":{"self":[{"href":"https:\/\/actualidad.codere.com\/it\/wp-json\/wp\/v2\/posts\/7669","targetHints":{"allow":["GET"]}}],"collection":[{"href":"https:\/\/actualidad.codere.com\/it\/wp-json\/wp\/v2\/posts"}],"about":[{"href":"https:\/\/actualidad.codere.com\/it\/wp-json\/wp\/v2\/types\/post"}],"author":[{"embeddable":true,"href":"https:\/\/actualidad.codere.com\/it\/wp-json\/wp\/v2\/users\/1"}],"replies":[{"embeddable":true,"href":"https:\/\/actualidad.codere.com\/it\/wp-json\/wp\/v2\/comments?post=7669"}],"version-history":[{"count":1,"href":"https:\/\/actualidad.codere.com\/it\/wp-json\/wp\/v2\/posts\/7669\/revisions"}],"predecessor-version":[{"id":7672,"href":"https:\/\/actualidad.codere.com\/it\/wp-json\/wp\/v2\/posts\/7669\/revisions\/7672"}],"wp:featuredmedia":[{"embeddable":true,"href":"https:\/\/actualidad.codere.com\/it\/wp-json\/wp\/v2\/media\/7670"}],"wp:attachment":[{"href":"https:\/\/actualidad.codere.com\/it\/wp-json\/wp\/v2\/media?parent=7669"}],"wp:term":[{"taxonomy":"category","embeddable":true,"href":"https:\/\/actualidad.codere.com\/it\/wp-json\/wp\/v2\/categories?post=7669"},{"taxonomy":"post_tag","embeddable":true,"href":"https:\/\/actualidad.codere.com\/it\/wp-json\/wp\/v2\/tags?post=7669"}],"curies":[{"name":"wp","href":"https:\/\/api.w.org\/{rel}","templated":true}]}}