{"id":7702,"date":"2019-12-19T10:07:31","date_gmt":"2019-12-19T10:07:31","guid":{"rendered":"https:\/\/actualidad.codere.com\/2019\/12\/19\/los-pequenos-pintan-nuestra-navidad\/"},"modified":"2023-04-12T12:48:34","modified_gmt":"2023-04-12T12:48:34","slug":"los-pequenos-pintan-nuestra-navidad","status":"publish","type":"post","link":"https:\/\/actualidad.codere.com\/it\/2019\/12\/19\/los-pequenos-pintan-nuestra-navidad\/","title":{"rendered":"I piccoli dipingono il nostro Natale"},"content":{"rendered":"<p><\/p>\n<p style=\"text-align: justify;\"><a href=\"https:\/\/actualidad.codere.com\/wp-content\/uploads\/2023\/04\/Codere-Navidad-A4-RGB.jpg\"><img fetchpriority=\"high\" decoding=\"async\" class=\"size-medium wp-image-14321 alignleft\" src=\"https:\/\/actualidad.codere.com\/wp-content\/uploads\/2023\/04\/Codere-Navidad-A4-RGB.jpg\" alt=\"Amalia\" width=\"300\" height=\"196\" \/><\/a><\/p>\n<p style=\"text-align: justify;\"><strong>Nell\u2019ultimo anno in Codere abbiamo lavorato insieme in modo intenso per diffondere la nostra nuova cultura e portare il nostro marchio unico e globale in ogni paese in cui operiamo. Per questo abbiamo intrapreso una serie di iniziative volte a divulgare i nostri valori; anche ora a Natale, coinvolgendo i piccoli della famiglia con una sfida che hanno accettato senza esitazione.<\/strong><\/p>\n<p style=\"text-align: justify;\">\u00a0<\/p>\n<p style=\"text-align: justify;\"><!--more--><!--noteaser--><\/p>\n<h2 style=\"text-align: justify;\">\u00a0<\/h2>\n<figure id=\"attachment_14321\" aria-describedby=\"caption-attachment-14321\" style=\"width: 625px\" class=\"wp-caption alignnone\"><a href=\"https:\/\/actualidad.codere.com\/wp-content\/uploads\/2023\/04\/Codere-Navidad-A4-RGB.jpg\"><img decoding=\"async\" class=\" wp-image-14321\" src=\"https:\/\/actualidad.codere.com\/wp-content\/uploads\/2023\/04\/Codere-Navidad-A4-RGB.jpg\" alt=\"embajada-espanola\" width=\"625\" height=\"408\" \/><\/a><figcaption id=\"caption-attachment-14321\" class=\"wp-caption-text\">Felicitaci\u00f3n navide\u00f1a de Codere.<\/figcaption><\/figure>\n<p style=\"text-align: justify;\"><strong>Madrid, 23 dicembre de 2019.-\u00a0<\/strong>Nell\u2019ultimo anno in Codere abbiamo lavorato insieme in modo intenso per diffondere la nostra nuova cultura e portare il nostro marchio unico e globale in ogni paese in cui operiamo. Per questo abbiamo intrapreso una serie di iniziative volte a divulgare i nostri valori; anche ora a Natale, coinvolgendo i piccoli della famiglia con una sfida che hanno accettato senza esitazione.<\/p>\n<p style=\"text-align: justify;\">A Natale i bambini assumono un ruolo speciale. Sono date magiche, in cui l\u2019ottimismo, la speranza e la generosit\u00e0 ci conquistano e ci portano a recuperare e condivideere lo spirito infantile che lasciamo da parte durante il resto dell\u2019anno.<\/p>\n<p style=\"text-align: justify;\">In questa occasione abbiamo voluto che fossero i piccoli a disegnare i biglietti di auguri natalizi con cui abbiamo voluto trasmettere i nostri valori e i migliori auguri per il prossimo anno ai diversi interlocutori della nostra azienda.<\/p>\n<p style=\"text-align: justify;\">Per questo, nello scorso mese di ottobre, abbiamo lanciato un concorso di disegno per gli auguri natalizi dedicato ai pi\u00f9 piccoli, nostri figli, nipoti o cugini. Le categorie di partecipazione erano due: infantile (fino agli 8 anni) e ragazzi (dai 9 ai 14 anni) e un\u2019unica condizione: cercare di tradurre, con tema natalizio, alcuni dei nostri valori o anche il nostro claim \u201cCon noi cambia il gioco\u201d.<\/p>\n<p style=\"text-align: justify;\">A questo scopo \u00e8 stata creata una piattaforma digitale di partecipazione globale, in cui i partecipanti hanno presentato le loro proposte in modo anonimo fino alla fine del concorso.<\/p>\n<p style=\"text-align: justify;\">Tutti i biglietti di auguri ricevuti sono stati valutati da una giuria formata da rappresentanti del team corporativo di Comunicazione, Marca e Personas, che hanno preselezionato 6 disegni di ognuna delle due categorie. Poi, in un momento successivo, un giurato insieme all\u2019aiuto del nostro direttore generale, Vicente Di Loreto, ha valutato le proposte preselezionate e ha scelto il vincitore di ognuna delle due categorie.<\/p>\n<p style=\"text-align: justify;\">Dopo varie consultazioni, i bambini premiati sono stati Miguel 6 anni, e figlio di Luis Miguel Hern\u00e1ndez Jim\u00e9nez e Jamila, 14 anni, e figlia di Yaneth de Gracia L\u00f3pez.<\/p>\n<h1 style=\"text-align: center;\"><strong>Complimenti \u00a1!!<\/strong><\/h1>\n<p style=\"text-align: justify;\">Vi presentiamo i disegni che hanno vinto, insieme a tutte le altre proposte ricevute. Grazie a tutti coloro che hanno partecipato e hanno avuto la generosit\u00e0 di condividere con noi la creativit\u00e0 dei loro figli, nipoti e cugini.<\/p>\n<p><a href=\"https:\/\/actualidad.codere.com\/wp-content\/uploads\/2023\/04\/Christmas-Miguel.png\"><img decoding=\"async\" class=\" wp-image-14321\" src=\"https:\/\/actualidad.codere.com\/wp-content\/uploads\/2023\/04\/Christmas-Miguel.png\" alt=\"embajada-espanola\" width=\"625\" height=\"408\" \/><\/a><\/p>\n<p><a href=\"https:\/\/actualidad.codere.com\/wp-content\/uploads\/2023\/04\/Christmas-Jamila.png\"><img loading=\"lazy\" decoding=\"async\" class=\" wp-image-14321\" src=\"https:\/\/actualidad.codere.com\/wp-content\/uploads\/2023\/04\/Christmas-Jamila.png\" alt=\"embajada-espanola\" width=\"625\" height=\"408\" \/><\/a><\/p>\n<p style=\"text-align: justify;\">Miguel y Jamila hanno ricevuto il premio che li riconosce come vincitori del concorso di disegno dei biglietti di auguri natalizi.<\/p>\n<figure id=\"attachment_14321\" aria-describedby=\"caption-attachment-14321\" style=\"width: 625px\" class=\"wp-caption alignnone\"><a href=\"https:\/\/actualidad.codere.com\/wp-content\/uploads\/2023\/04\/FotoMiguelHernandez.jpg\"><img loading=\"lazy\" decoding=\"async\" class=\" wp-image-14321\" src=\"https:\/\/actualidad.codere.com\/wp-content\/uploads\/2023\/04\/FotoMiguelHernandez.jpg\" alt=\"embajada-espanola\" width=\"625\" height=\"408\" \/><\/a><figcaption id=\"caption-attachment-14321\" class=\"wp-caption-text\">Miguel Hern\u00e1ndez<\/figcaption><\/figure>\n<p>\u00a0<\/p>\n<figure id=\"attachment_14321\" aria-describedby=\"caption-attachment-14321\" style=\"width: 625px\" class=\"wp-caption alignnone\"><a href=\"https:\/\/actualidad.codere.com\/wp-content\/uploads\/2023\/04\/Jamila.jpg\"><img loading=\"lazy\" decoding=\"async\" class=\" wp-image-14321\" src=\"https:\/\/actualidad.codere.com\/wp-content\/uploads\/2023\/04\/Jamila.jpg\" alt=\"embajada-espanola\" width=\"625\" height=\"408\" \/><\/a><figcaption id=\"caption-attachment-14321\" class=\"wp-caption-text\">Jamila de Gracia<\/figcaption><\/figure>\n<p style=\"text-align: justify;\">Questi sono i disegni che hanno partecipato al concorso. Grazie a tutti i bambini che hanno voluto condividere con noi la loro particolare interpretazione del Natale.<\/p>\n<div style=\"width: 640px;\" class=\"wp-video\"><video class=\"wp-video-shortcode\" id=\"video-7702-2\" width=\"640\" height=\"480\" preload=\"metadata\" controls=\"controls\"><source type=\"video\/mp4\" src=\"https:\/\/actualidad.codere.com\/compartido\/videos\/videodibujosnavidad.mp4?_=2\" \/><a href=\"https:\/\/actualidad.codere.com\/compartido\/videos\/videodibujosnavidad.mp4\">https:\/\/actualidad.codere.com\/compartido\/videos\/videodibujosnavidad.mp4<\/a><\/video><\/div>\n<p><\/p>","protected":false},"excerpt":{"rendered":"<p>Ci spiace, ma questo articolo \u00e8 disponibile soltanto in Espa\u00f1ol.<\/p>\n","protected":false},"author":1,"featured_media":7704,"comment_status":"open","ping_status":"open","sticky":false,"template":"","format":"standard","meta":{"footnotes":""},"categories":[3],"tags":[],"class_list":["post-7702","post","type-post","status-publish","format-standard","has-post-thumbnail","hentry","category-somos-responsables"],"_links":{"self":[{"href":"https:\/\/actualidad.codere.com\/it\/wp-json\/wp\/v2\/posts\/7702","targetHints":{"allow":["GET"]}}],"collection":[{"href":"https:\/\/actualidad.codere.com\/it\/wp-json\/wp\/v2\/posts"}],"about":[{"href":"https:\/\/actualidad.codere.com\/it\/wp-json\/wp\/v2\/types\/post"}],"author":[{"embeddable":true,"href":"https:\/\/actualidad.codere.com\/it\/wp-json\/wp\/v2\/users\/1"}],"replies":[{"embeddable":true,"href":"https:\/\/actualidad.codere.com\/it\/wp-json\/wp\/v2\/comments?post=7702"}],"version-history":[{"count":1,"href":"https:\/\/actualidad.codere.com\/it\/wp-json\/wp\/v2\/posts\/7702\/revisions"}],"predecessor-version":[{"id":7708,"href":"https:\/\/actualidad.codere.com\/it\/wp-json\/wp\/v2\/posts\/7702\/revisions\/7708"}],"wp:featuredmedia":[{"embeddable":true,"href":"https:\/\/actualidad.codere.com\/it\/wp-json\/wp\/v2\/media\/7704"}],"wp:attachment":[{"href":"https:\/\/actualidad.codere.com\/it\/wp-json\/wp\/v2\/media?parent=7702"}],"wp:term":[{"taxonomy":"category","embeddable":true,"href":"https:\/\/actualidad.codere.com\/it\/wp-json\/wp\/v2\/categories?post=7702"},{"taxonomy":"post_tag","embeddable":true,"href":"https:\/\/actualidad.codere.com\/it\/wp-json\/wp\/v2\/tags?post=7702"}],"curies":[{"name":"wp","href":"https:\/\/api.w.org\/{rel}","templated":true}]}}