{"id":7751,"date":"2020-02-07T08:24:33","date_gmt":"2020-02-07T08:24:33","guid":{"rendered":"https:\/\/actualidad.codere.com\/2020\/02\/07\/luis-sanchez-buscamos-una-vision-global-unica-y-completa\/"},"modified":"2023-04-12T12:48:55","modified_gmt":"2023-04-12T12:48:55","slug":"luis-sanchez-buscamos-una-vision-global-unica-y-completa","status":"publish","type":"post","link":"https:\/\/actualidad.codere.com\/it\/2020\/02\/07\/luis-sanchez-buscamos-una-vision-global-unica-y-completa\/","title":{"rendered":"Luis S\u00e1nchez: \u201cCerchiamo una visione globale unica e completa\u201d"},"content":{"rendered":"<p><\/p>\n<p style=\"text-align: justify;\"><a href=\"https:\/\/actualidad.codere.com\/wp-content\/uploads\/2023\/04\/LuisSanchez.jpg\"><img fetchpriority=\"high\" decoding=\"async\" class=\"size-medium wp-image-13453 alignleft\" src=\"https:\/\/actualidad.codere.com\/wp-content\/uploads\/2023\/04\/LuisSanchez.jpg\" alt=\"panama\" width=\"300\" height=\"168\" \/><\/a><\/p>\n<p style=\"text-align: justify;\">Lo scorso mese di luglio \u00e8 entrato a far parte della nostra azienda <strong>Luis S\u00e1nchez<\/strong>, come <strong>direttore corporativo di Tecnologia e Digitalizzazione, <\/strong>con l\u2019obiettivo di supportare la trasformazione digitale dell\u2019azienda, promuovere l\u2019innovazione e ottimizzare i nostri processi e sistemi.<\/p>\n<p style=\"text-align: justify;\"><!--more--><\/p>\n<p><!--more--><\/p>\n<p style=\"text-align: justify;\"><!--noteaser--><\/p>\n<figure id=\"attachment_14321\" aria-describedby=\"caption-attachment-14321\" style=\"width: 625px\" class=\"wp-caption alignnone\"><a href=\"https:\/\/actualidad.codere.com\/wp-content\/uploads\/2023\/04\/LuisSanchez.jpg\"><img decoding=\"async\" class=\" wp-image-14321\" src=\"https:\/\/actualidad.codere.com\/wp-content\/uploads\/2023\/04\/LuisSanchez.jpg\" alt=\"embajada-espanola\" width=\"625\" height=\"408\" \/><\/a><figcaption id=\"caption-attachment-14321\" class=\"wp-caption-text\">Luis S\u00e1nchez, direttore corporativo di Tecnologia e Digitalizzazione.<\/figcaption><\/figure>\n<p style=\"text-align: justify;\"><strong>Madrid, 12 febbraio 2020.\u00a0<\/strong>Lo scorso mese di luglio \u00e8 entrato a far parte della nostra azienda <strong>Luis S\u00e1nchez<\/strong>, come <strong>direttore corporativo di Tecnologia e Digitalizzazione, <\/strong>con l\u2019obiettivo di supportare la trasformazione digitale dell\u2019azienda, promuovere l\u2019innovazione e ottimizzare i nostri processi e sistemi.<\/p>\n<p style=\"text-align: justify;\">Ingegnere informatico e MBA presso l\u2019Istituto de Empresa (IE), Luis ha una storia di oltre 20 anni in aziende come Liberbank, Bankinter, Banco Espirito Santo y Accenture, in cui ha sviluppato competenze nella progettazione e realizzazione di progetti di trasformazione, innovazione e digitalizzazione, che ora mette al servizio della nostra azienda.<\/p>\n<p style=\"text-align: justify;\">In questo numero di Codere Actualidad parliamo con lui per conoscere i progressi in materia di organizzazione e amministrazione dell\u2019area dopo questi primi sei mesi nella nuova posizione.<\/p>\n<p style=\"text-align: justify;\"><strong>\u00bfCome \u00e8 stato questo primo periodo in azienda?<\/strong><\/p>\n<p style=\"text-align: justify;\">Quando sono entrato in Codere avevo l\u2019obiettivo di realizzare un piano generale di TI a livello corporativo. La mia esperienza professionale precedente \u00e8 estranea al settore del gioco, ed \u00e8 inoltre un errore pensare che la ricetta che ti ha permesso il successo in passato sia valida anche per qualsiasi altra circostanza; per questo all\u2019inizio ho voluto conoscere il settore e i dipartimenti di TI di ogni paese, per pote fare un\u2019analisi corretta della situazione di partenza e determinare il percorso da seguire fino ad arrivare al modello che vogliamo utilizzare.<\/p>\n<p style=\"text-align: justify;\">Dal mio punto di vista, la conclusione pi\u00f9 significativa di questa fase \u00e8 stata capire che la funzione tecnologica di Codere fino ad ora non \u00e8 stata gestita con una visione corporativa, unica e completa; \u00e8 stata progettata seguendo un modello silos, con notevoli differenze tra i paesi e tra team. Un deficit di gestione e leadership, nonostante la buona formazione tecnica dei team.<\/p>\n<p style=\"text-align: justify;\">Questo automaticamente provoca immaturit\u00e0, mancanza di omogeneit\u00e0, scalabilit\u00e0 ed efficienze <em>intragruppo.<\/em><\/p>\n<p style=\"text-align: justify;\"><strong>\u00bfLa nuova struttura risolve questo problema?<\/strong><\/p>\n<p style=\"text-align: justify;\">A <em>priori <\/em>s\u00ec, poich\u00e9 la nuova struttura cerca proprio questa visione globale della tecnologia. Con un piccolo gruppo di direttori e i loro team, dobbiamo essere in grado di gestire tutta la tecnologia del gruppo e la sua proposta digitale, che \u00e8 di grande complessit\u00e0 tecnica e operativa.<\/p>\n<p style=\"text-align: justify;\">Abbiamo bisogno di processi e di una piattaforma corporativa unica, in grado di soddisfare tutti i paesi, i prodotti, i canali e i clienti, favorendo la centralizzazione e l\u2019omogeneit\u00e0 dei processi, sinergie emergenti, stabilit\u00e0, la scalabilit\u00e0 e la gestione ottimale dei debiti tecnologici<\/p>\n<p style=\"text-align: justify;\">Inoltre, dobbiamo procedere, per quanto consentito dalla regolamentazione, verso modelli di infrastruttura cloud &#8211; una tecnologia che sostituisce i tradizionali centri fisici dei processori di dati, con quelli virtuali, pi\u00f9 agili ed efficienti &#8211; , perch\u00e8 formule pi\u00f9 leggere agevoleranno la globalizzazione della tecnologia.<\/p>\n<p style=\"text-align: justify;\">La nuova organizzazione raccoglie in modo equilibrato le funzioni precedentemente disperse, stabilisce i compiti fondamentali che troviamo in qualsiasi grande organizzazione e ci allinea alle tendenze del mercato.<\/p>\n<p style=\"text-align: justify;\"><strong>\u00bfQuali sono le principali sfide che affronta l\u2019area? <\/strong><\/p>\n<p style=\"text-align: justify;\">Dopo aver elaborato la struttura organizzativa e la governance IT, iniziamo a identificare quali sono i principali progetti tecnologici che devono supportare il business nei prossimi anni. Le sfide che perseguiamo, in linea con il nostro piano di trasformazione, sono fondamentalmente quattro:<\/p>\n<p style=\"text-align: justify;\"><strong><em>Qualit\u00e0 del servizio:<\/em><\/strong> ossia fornire un servizio completo, affidabile e stabile, con una gestione quotidiana corretta.<\/p>\n<p style=\"text-align: justify;\"><strong><em>Innovazione e digitalizzazione:<\/em><\/strong> in un mondo di tecnologia dirompente, dove continuamente nascono nuovi modelli di business, bisogna portare parte dell\u2019organizzazione ad introdurre quelle competenze che il futuro richiede.<\/p>\n<p style=\"text-align: justify;\"><strong><em>Focus sul cliente:<\/em><\/strong> bisogna adeguare la struttura in modo che ci siano persone in continuo contatto con il business, individuando ed adattando le necessit\u00e0 alle particolarit\u00e0 di ogni paese. Abbiamo bisogno di un modello di relazione agile che favorisca il dialogo con il cliente.<\/p>\n<p style=\"text-align: justify;\"><strong><em>Controllo e trasparenza:<\/em><\/strong> \u00e8 necessario acquisire efficienze e avere un controllo totale dei costi. Individuare le leve di risparmio che consentono di finanziare alcune delle iniziative da affrontare nell&#8217;innovazione e nella digitalizzazione<\/p>\n<p style=\"text-align: justify;\">Una volta individuato il punto di partenza e le sfide, possiamo identificare i disallineamenti o le necessit\u00e0 da realizzare per poter raggiungere gli obiettivi. Ma per poter intraprendere questa serie di cambiamente bisogna stabilire i principi su cui si basano.<\/p>\n<p style=\"text-align: justify;\"><strong>\u00bfQuali sono questi principi su cui si appoggiano queste decisioni organizzative e di governance dell\u2019area? <\/strong><\/p>\n<p style=\"text-align: justify;\">Per affrontare cambiamenti significativi nell\u2019organizzazione e nella governance dell\u2019area Tecnologia, senza penalizzare il business, i progressi devono ruotare intorno ad una serie di principi organizzativi quali:<\/p>\n<p style=\"text-align: justify;\"><strong><em>La globalizzazione della struttura, delle attivit\u00e0 e dei progetti<\/em><\/strong>, perch\u00e8 se la funzione tecnologica sar\u00e0 globale, anche l&#8217;organizzazione deve essere globale e consentire cos\u00ec un&#8217;omologazione e una standardizzazione dei processi e del modo di lavorare. I team lavoreranno in modo simile e con gli stessi strumenti in tutti i paesi in cui operiamo.<\/p>\n<p style=\"text-align: justify;\"><strong><em>Riorganizzazione funzionale<\/em><\/strong>, che ci consenta di affrontare queste sfide e che chiarisca le responsabilit\u00e0, perch\u00e8 le persone devono sapere quali sono le propie funzioni e cosa ci si aspetta da loro.<\/p>\n<p style=\"text-align: justify;\">\n<p style=\"text-align: justify;\"><strong><em>Comunicazione e contatto periodico con le differenti aree funzionali<\/em><\/strong><strong>. <\/strong>Un\u2019organizzazione in cui prevale il lavoro di squadra e la collaborazione, perch\u00e8 il gruppo vale di pi\u00f9 della somma individuale di ogni singolo elemento<\/p>\n<p style=\"text-align: justify;\"><strong><em>Vicinanza al business<\/em><\/strong>. Bisogna essere molto vicini al cliente, per questo avremo funzioni con una responsabilit\u00e0 molto pi\u00f9 chiara nella gestione della domanda e nella definizione delle priorit\u00e0 in merito alle necessit\u00e0 degli utenti, oltre ad altri profili pi\u00f9 tradizionali focalizzati sullo sviluppo e sul funizonamento dei sistemi.<\/p>\n<p style=\"text-align: justify;\"><strong><em>Efficienza e focus sui costi<\/em><\/strong>, che richiede un responsabile organizzativo in questa funzione per garantire l\u2019identificazione e l\u2019acquisizione di efficienze tecnologiche.<\/p>\n<p style=\"text-align: justify;\"><strong><em>Semplificazione della struttura organizzativa e digitalizzazione dei processi<\/em><\/strong>, che permetta di prendere decisioni in modo rapido e una maggior automazione nell\u2019esecuzione dei processi.<\/p>\n<p style=\"text-align: justify;\"><strong><em>Innovazione come elemento differenziale a medio e lungo termine.<\/em><\/strong> Dovremo avere un team focalizzato nell\u2019analisi della maturit\u00e0 delle tecnologie emergenti e della loro fattibilit\u00e0 nel nostro business.<\/p>\n<p style=\"text-align: justify;\">In base a questi principi nasce la nuova organizzazione, strutturata in 7 direzioni corporative focalizzate sulle funzioni propie della tecnologia, pi\u00f9 quattro direzioni di supporto al business: tre regionali e una <em>online.<\/em><\/p>\n<p style=\"text-align: justify;\">In questo modo garantiremo la gestione globale della tecnologia senza perdere di vista le esigenze specifiche di ogni area geografica e business digitale, dove abbiamo un chiaro obiettivo di crescita.<\/p>\n<p style=\"text-align: justify;\">E\u2019 un cambiamento organizzativo di grande rilevanza che ha bisogno di un piano di transizione specifico per ridurre al minimo l\u2019impatto sul business. Deve includere una corretta mappatura delle funzioni, il trasferimento di compiti e conoscenza e lo faremo nei prossimi mesi per iniziare a lavorare a regime con la nuova struttura nel secondo trimestre del 2020, con tutte le persone situate nelle loro nuove funzioni e i principali processi di governance definiti e implementati.<\/p>\n<p style=\"text-align: justify;\"><strong>\u00bfQuali processi tecnologici stiamo definendo?<\/strong><\/p>\n<p style=\"text-align: justify;\">Stiamo definendo i principali processi di tecnologia e relative funzioni e responsabilit\u00e0. Ossia il modo in cui lavoreremo. Abbiamo ordinato questi processi per priorit\u00e0, li abbiamo raggruppati secondo criticit\u00e0 e li applicheremo ad ondate. Ad esempio stiamo definendo un processo che standardizzi la gestione della domanda di tutte le richieste tecnologiche del gruppo. Parallelamente stiamo definendo una struttura dei costi comune e con maggiori dettagli per tutti i paesi, che ci consentir\u00e0 di tracciare in modo pi\u00f9 efficace il budget del gruppo. Lo stesso vale per i cambiamenti nelle applicazioni: ci sar\u00e0 un processo che garantisce che ogni volta che implementiamo nuove funzionalit\u00e0 nella produzione, queste abbiano gi\u00e0 superato un rigoroso processo di validazione e test.<\/p>\n<p style=\"text-align: justify;\">\n<p style=\"text-align: justify;\">Una volta definita l\u2019organizzazione e i processi, ossia la struttura della governance, avremo il piano generale dei progetti che rappresenta il piano di lavoro di TI e trasformazione digitale per i prossimi due o tre anni, cosa di cui avremo traccia al termine di questo primo trimestre dell\u2019anno.<\/p>\n<p style=\"text-align: justify;\"><strong>\u00bfPossiamo anticiapre qualcosa su qualcuno dei progetti promossi dall\u2019area?<\/strong><\/p>\n<p style=\"text-align: justify;\">Uno dei progetti principali \u00e8 l\u2019evoluzione della nostra piattaforma <em>online, <\/em>che comprende nuove funzionalit\u00e0 e miglioramenti tecnologici di grande rilevanza e che richiede investimenti importanti.<\/p>\n<p style=\"text-align: justify;\">Inoltre abbiamo un\u2019iniziativa di grande importanza per il gruppo, che \u00e8 il nostro progetto di omnicanalit\u00e0. Progetto sfidante in cui intervengono varie aree del business.<\/p>\n<p style=\"text-align: justify;\">Stiamo anche migliorando il servizio di attenzione al cliente, con l\u2019evoluzione della tecnologia del nostro <em>call center, <\/em>e stiamo implementando un <em>data warehouse <\/em>corporativo con maggiori potenzialit\u00e0.<\/p>\n<p style=\"text-align: right;\">\n<p><\/p>","protected":false},"excerpt":{"rendered":"<p>Ci spiace, ma questo articolo \u00e8 disponibile soltanto in Espa\u00f1ol.<\/p>\n","protected":false},"author":1,"featured_media":7752,"comment_status":"open","ping_status":"open","sticky":false,"template":"","format":"standard","meta":{"footnotes":""},"categories":[4],"tags":[],"class_list":["post-7751","post","type-post","status-publish","format-standard","has-post-thumbnail","hentry","category-noticias-internas"],"_links":{"self":[{"href":"https:\/\/actualidad.codere.com\/it\/wp-json\/wp\/v2\/posts\/7751","targetHints":{"allow":["GET"]}}],"collection":[{"href":"https:\/\/actualidad.codere.com\/it\/wp-json\/wp\/v2\/posts"}],"about":[{"href":"https:\/\/actualidad.codere.com\/it\/wp-json\/wp\/v2\/types\/post"}],"author":[{"embeddable":true,"href":"https:\/\/actualidad.codere.com\/it\/wp-json\/wp\/v2\/users\/1"}],"replies":[{"embeddable":true,"href":"https:\/\/actualidad.codere.com\/it\/wp-json\/wp\/v2\/comments?post=7751"}],"version-history":[{"count":1,"href":"https:\/\/actualidad.codere.com\/it\/wp-json\/wp\/v2\/posts\/7751\/revisions"}],"predecessor-version":[{"id":7753,"href":"https:\/\/actualidad.codere.com\/it\/wp-json\/wp\/v2\/posts\/7751\/revisions\/7753"}],"wp:featuredmedia":[{"embeddable":true,"href":"https:\/\/actualidad.codere.com\/it\/wp-json\/wp\/v2\/media\/7752"}],"wp:attachment":[{"href":"https:\/\/actualidad.codere.com\/it\/wp-json\/wp\/v2\/media?parent=7751"}],"wp:term":[{"taxonomy":"category","embeddable":true,"href":"https:\/\/actualidad.codere.com\/it\/wp-json\/wp\/v2\/categories?post=7751"},{"taxonomy":"post_tag","embeddable":true,"href":"https:\/\/actualidad.codere.com\/it\/wp-json\/wp\/v2\/tags?post=7751"}],"curies":[{"name":"wp","href":"https:\/\/api.w.org\/{rel}","templated":true}]}}