{"id":7836,"date":"2020-10-14T10:56:57","date_gmt":"2020-10-14T10:56:57","guid":{"rendered":"https:\/\/actualidad.codere.com\/2020\/10\/14\/codere-en-positivo-punto-de-encuentro-en-etapa-de-pandemia\/"},"modified":"2023-04-12T12:49:28","modified_gmt":"2023-04-12T12:49:28","slug":"codere-en-positivo-punto-de-encuentro-en-etapa-de-pandemia","status":"publish","type":"post","link":"https:\/\/actualidad.codere.com\/it\/2020\/10\/14\/codere-en-positivo-punto-de-encuentro-en-etapa-de-pandemia\/","title":{"rendered":"Codere in positivo, punto d&#8217;incontro nella fase della pandemia"},"content":{"rendered":"<p><\/p>\n<p style=\"text-align: justify;\"><a href=\"https:\/\/actualidad.codere.com\/wp-content\/uploads\/2023\/04\/bannerCoderepositivo.png\"><img loading=\"lazy\" decoding=\"async\" class=\"size-medium wp-image-13453 alignleft\" src=\"https:\/\/actualidad.codere.com\/wp-content\/uploads\/2023\/04\/bannerCoderepositivo.png\" alt=\"panama\" width=\"300\" height=\"168\"><\/a><\/p>\n<p style=\"text-align: justify;\">A met\u00e0 marzo, il mondo \u00e8 stao sopraffatto dalllo scoppio inaspettato della pandemia di Covid-19. Il virus di Wuhan ha raggiunto ogni angolo e territorio di Codere, colpendo &#8211; come non era mai successo prima &#8211; la societ\u00e0, l&#8217;economia e la politica internazionale<\/p>\n<p style=\"text-align: justify;\"><!--more--><\/p>\n<p><!--more--><\/p>\n<p style=\"text-align: justify;\"><!--noteaser--><\/p>\n<p><a href=\"https:\/\/actualidad.codere.com\/wp-content\/uploads\/2023\/04\/bannerCoderepositivo.png\"><img loading=\"lazy\" decoding=\"async\" class=\" wp-image-14321\" src=\"https:\/\/actualidad.codere.com\/wp-content\/uploads\/2023\/04\/bannerCoderepositivo.png\" alt=\"embajada-espanola\" width=\"625\" height=\"408\"><\/a><\/p>\n<p style=\"text-align: justify;\"><strong>Madrid, 20 ottobre 2020.-&nbsp;<\/strong>A met\u00e0 marzo, il mondo \u00e8 stao sopraffatto dalllo scoppio inaspettato della pandemia di Covid-19. Il virus di Wuhan ha raggiunto ogni angolo e territorio di Codere, colpendo &#8211; come non era mai successo prima &#8211; la societ\u00e0, l&#8217;economia e la politica internazionale<\/p>\n<p style=\"text-align: justify;\">In Codere la crisi sanitaria ha avuto &#8211; e continua ad avere &#8211; un grande impatto per la sua incidenza sulla chiusura delle sale e sull&#8217;attuazione di misure e protocolli di sicurezza sia nelle sale da gioco che nelle sedi lavorative, oltre ad aver promosso il telelavoro per un gran numero di dipartimenti, cosa che ha rappresentato una sfida aziendale. Tutto ci\u00f2 \u00e8 stato particolarmente complesso visto che l\u2019azienda si trovava nel bel mezzo di un processo di rifinanziamento. Nei diversi paesi Codere questi cambiamenti sono stati sperimentati quasi in parallelo; &nbsp;in Spagna, con l&#8217;ulteriore difficolt\u00e0 di una regolamentazione restrittiva della pubblicit\u00e0 del gioco.<\/p>\n<p style=\"text-align: justify;\">Il mese di marzo ha inaugurato un nuovo capitolo della storia a livello mondiale. Le cose, almeno per un po &#8216;, hanno smesso di essere come le conoscevamo. Le conseguenze della pandemia hanno avuto una ripercussione sulla nostra econom\u00eda, sui rapporti familiari, sociali e lavorativi; sulle preferenze, bisogni e routine e sul nostro stato personale, in uno scenario tanto nuovo quanto incerto, che induceva all\u2019ansia e alla paura.<\/p>\n<p style=\"text-align: justify;\">Le circostanze ci hanno costretti ad isolarci e ad allontanarci. Ma l&#8217;esperienza ci ha insegnato che solo insieme, guardando al futuro uniti, con una visione positiva e organizzata, saremmo potuti uscire forti da questa nuova prova di vita<\/p>\n<p style=\"text-align: justify;\">Questa \u00e8 l&#8217;essenza della nostra organizzazione, grazie a cui da quarant\u2019anni manteniamo una posizione di leadership in un mercato pieno di sfide; \u00e8 la nostra capacit\u00e0 di adattarci alle circostanze e lavorare in modo responsabile ed efficiente, in squadra.<\/p>\n<p style=\"text-align: justify;\">Ecco perch\u00e9 abbiamo deciso di attivare un punto virtuale di condivisione: per parlare del momento che stiamo attraversando, delle notizie aziendali, consigli, strumenti di telelavoro, reti di aiuto attivate dal gruppo durante la crisi sanitaria\u2026; e ascoltare le tue esperienze, bisogni, problemi &#8230;; purtroppo anche per ricordare in modo speciale chi ci ha lasciato in questa difficile fase.<\/p>\n<p style=\"text-align: justify;\">Cos\u00ec \u00e8 nato <strong><em>Codere en positivo<\/em><\/strong>. Uno spazio creato quando il mondo \u00e8 risultato positivo al Covid; quando la risposta migliore era cercare il lato positivo della situazione, per riuscire ad uscirne nel miglior modo possibile.<\/p>\n<p style=\"text-align: justify;\">Il team di comunicazione ha iniziato a dare forma a questo progetto informativo nel mese di marzo e a cercare le fonti, il supporto tecnico e della direzione, necessari per avviarlo, lavorando in parallelo sul design e sui contenuti in modo che, in poche settimane, il 4 aprile,&nbsp; prendesse vita la piattaforma <strong>Codere in positivo<\/strong>.<\/p>\n<p style=\"text-align: justify;\">Da allora, la piattaforma ha avuto pi\u00f9 di 48.000 visite dai suoi oltre 11.200 utenti.<\/p>\n<p style=\"text-align: justify;\"><strong>Uno sguardo unito e positivo<\/strong><\/p>\n<p style=\"text-align: justify;\">Per <strong>Elena Gonz\u00e1lez de Prado<\/strong>, responsabile di Comunicazione Corporativa \u201cin un momento in cui il mondo risulta positivo al coronavirus e le circostanze indeboliscono gli animi, \u00e8 pi\u00f9 che mai necessario promuovere la connessione e i valori del gruppo. Le misure preventive richiedono isolamento e cautela, ma lo spirito chiede comunque di sentire l&#8217;unione e il sostegno della squadra con pi\u00f9 evidenza che mai. Per questo riteniamo che <em>Codere in positivo<\/em> possa essere la migliore risposta a questa situazione. Il numero di visite che riceve questo punto d\u2019incontro e i messaggi di congratulazioni che abbiamo ricevuto dai collaboratori, non fanno che riflettere la buona accoglienza del progetto \u201d.<\/p>\n<p style=\"text-align: justify;\"><strong>Temi diversi e un solo sguardo, in positivo<\/strong><\/p>\n<p style=\"text-align: justify;\">Con la crisi sanitaria come punto di riferimento, la piattaforma affronta questioni legate alla salute, alla societ\u00e0 o al lavoro &#8230; e accompagna ogni momento che abbiamo vissuto (isolamento, lutto, ritorno a scuola, telelavoro &#8230;), con particolare attenzione all&#8217;impatto sociale ed emotivo che questa pandemia sta assumendo.<\/p>\n<p style=\"text-align: justify;\">Questi temi sono raccolti sulla piattaforma in diverse sezioni, focalizzando le informazioni riguardanti l&#8217;andamento e l&#8217;impatto della pandemia e dei progetti Codere in questa crisi (<a href=\"https:\/\/enpositivo.codere.com\/NuevaNormalidad.html\">Nueva Normalidad<\/a>, <a href=\"https:\/\/enpositivo.codere.com\/SomosResponsables.html\">#Somos responsables<\/a>); sostenendo i collaboratori con strumenti e suggerimenti per il telelavoro, senza dimenticare le precauzioni necessarie per farlo in sicurezza, attraverso le sezioni <a href=\"https:\/\/enpositivo.codere.com\/Teletrabajo.html\">Teletrabajo<\/a> o <a href=\"https:\/\/enpositivo.codere.com\/Ciberseguridad.html\">Cibercovid 19<\/a>, o offrendo consigli attraverso attivit\u00e0 da fare da casa o in famiglia (<a href=\"https:\/\/enpositivo.codere.com\/Ociocasa.html\">Tiempo en casa<\/a>) .<\/p>\n<p style=\"text-align: justify;\">Codere en Positivo ha anche permesso di essere vicino alle persone aprendo le sue porte attraverso il canale Contamos, o fornendo supporto attraverso la rete collaborativa Ayuda Codere a coloro che si sono ritrovati in una situazione particolarmente vulnerabile a causa della pandemia. La piattaforma ha inoltre permesso di avvicinare i dipendenti alle notizie dell\u2019ultima ora relative all\u2019azienda, attraverso comunicazioni del nostro CEO (<a href=\"https:\/\/enpositivo.codere.com\/Enprimerapersona.html\">En primera persona<\/a>) e con le <a href=\"https:\/\/enpositivo.codere.com\/UltimasInformaciones.html\">\u00daltimas informaciones al mercado<\/a>.<\/p>\n<p style=\"text-align: justify;\">Allo stesso tempo, il sito web \u00e8 stato integrato con i corsi di formazione di <a href=\"https:\/\/enpositivo.codere.com\/Formacion.html\">Espacio positivo<\/a> che funge da punto d\u2019accesso ai contenuti del Plan TransF\u00d3RMATE.<\/p>\n<p style=\"text-align: justify;\">\n<p><a href=\"https:\/\/actualidad.codere.com\/wp-content\/uploads\/2023\/04\/CoderePositivo2.png\"><img loading=\"lazy\" decoding=\"async\" class=\" wp-image-14321\" src=\"https:\/\/actualidad.codere.com\/wp-content\/uploads\/2023\/04\/CoderePositivo2.png\" alt=\"embajada-espanola\" width=\"625\" height=\"408\"><\/a><\/p>\n<p style=\"text-align: justify;\"><strong>Una piattaforma al servizio di tutti<\/strong><\/p>\n<p style=\"text-align: justify;\">Per il dipartimento di Comunicaci\u00f3n Corporativa, il successo della piattaforma non si misura solo dalle quasi 48.000 visite ricevute, o dagli oltre 11.200 utenti, ma, soprattutto, dalla soddisfazione di aver contribuito ad accompagnare i dipendenti in questi mesi difficili, attenuando l\u2019incertezza e dando informazioni sulla pandemia e sui suoi effetti e fornendo linee guida grazie a pi\u00f9 di 90 articoli creati ad-hoc e con grande dedizione da parte del team di comunicazione corporativa.<\/p>\n<p style=\"text-align: justify;\"><em>Codere en positivo<\/em> ha sostituito &#8211; in questi mesi &#8211; la nostra newsletter corporativa Codere Actualidad che, d&#8217;ora in poi, man mano che la nostra azienda riprender\u00e0 la sua attivit\u00e0, proseguir\u00e0 il suo consueto corso offrendo notizie sull&#8217;attivit\u00e0 del nostro gruppo. L&#8217;obiettivo \u00e8 che entrambe le piattaforme rimangano attive e coesistano parallelamente finch\u00e9 al durare della pandemia, per continuare a offrire il maggior numero di informazioni, con la massima trasparenza e vicinanza possibile.<\/p>\n<p style=\"text-align: justify;\">Elena Gonz\u00e1lez de Prado sottolinea \u201cDopo pi\u00f9 di sei mesi di esperienza, dal dipartimento sentiamo di dover continuare a dare il nostro contributo come servizio di informazione alle persone, in questo periodo complesso che, lungi dall&#8217;allontanarci, ci ha uniti di pi\u00f9. Il nostro pi\u00f9 grande desiderio sarebbe quello di condividere quanto prima l&#8217;articolo sull&#8217;arrivo del vaccino e la fine della pandemia. &#8220;<\/p>\n<p><\/p>","protected":false},"excerpt":{"rendered":"<p>Ci spiace, ma questo articolo \u00e8 disponibile soltanto in Espa\u00f1ol.<\/p>\n","protected":false},"author":1,"featured_media":7840,"comment_status":"open","ping_status":"open","sticky":false,"template":"","format":"standard","meta":{"footnotes":""},"categories":[4,3],"tags":[],"class_list":["post-7836","post","type-post","status-publish","format-standard","has-post-thumbnail","hentry","category-noticias-internas","category-somos-responsables"],"_links":{"self":[{"href":"https:\/\/actualidad.codere.com\/it\/wp-json\/wp\/v2\/posts\/7836","targetHints":{"allow":["GET"]}}],"collection":[{"href":"https:\/\/actualidad.codere.com\/it\/wp-json\/wp\/v2\/posts"}],"about":[{"href":"https:\/\/actualidad.codere.com\/it\/wp-json\/wp\/v2\/types\/post"}],"author":[{"embeddable":true,"href":"https:\/\/actualidad.codere.com\/it\/wp-json\/wp\/v2\/users\/1"}],"replies":[{"embeddable":true,"href":"https:\/\/actualidad.codere.com\/it\/wp-json\/wp\/v2\/comments?post=7836"}],"version-history":[{"count":1,"href":"https:\/\/actualidad.codere.com\/it\/wp-json\/wp\/v2\/posts\/7836\/revisions"}],"predecessor-version":[{"id":7839,"href":"https:\/\/actualidad.codere.com\/it\/wp-json\/wp\/v2\/posts\/7836\/revisions\/7839"}],"wp:featuredmedia":[{"embeddable":true,"href":"https:\/\/actualidad.codere.com\/it\/wp-json\/wp\/v2\/media\/7840"}],"wp:attachment":[{"href":"https:\/\/actualidad.codere.com\/it\/wp-json\/wp\/v2\/media?parent=7836"}],"wp:term":[{"taxonomy":"category","embeddable":true,"href":"https:\/\/actualidad.codere.com\/it\/wp-json\/wp\/v2\/categories?post=7836"},{"taxonomy":"post_tag","embeddable":true,"href":"https:\/\/actualidad.codere.com\/it\/wp-json\/wp\/v2\/tags?post=7836"}],"curies":[{"name":"wp","href":"https:\/\/api.w.org\/{rel}","templated":true}]}}