{"id":8017,"date":"2021-02-10T08:27:56","date_gmt":"2021-02-10T08:27:56","guid":{"rendered":"https:\/\/actualidad.codere.com\/2021\/02\/10\/seguros-frente-a-la-pandemia\/"},"modified":"2023-04-12T12:50:41","modified_gmt":"2023-04-12T12:50:41","slug":"seguros-frente-a-la-pandemia","status":"publish","type":"post","link":"https:\/\/actualidad.codere.com\/it\/2021\/02\/10\/seguros-frente-a-la-pandemia\/","title":{"rendered":"Sicuri contro la pandemia"},"content":{"rendered":"<p><\/p>\n<p style=\"text-align: justify;\"><a href=\"https:\/\/actualidad.codere.com\/wp-content\/uploads\/2023\/04\/PRL.png\"><img fetchpriority=\"high\" decoding=\"async\" class=\"size-medium wp-image-13453 alignleft\" src=\"https:\/\/actualidad.codere.com\/wp-content\/uploads\/2023\/04\/PRL.png\" alt=\"panama\" width=\"300\" height=\"168\" \/><\/a><\/p>\n<p style=\"text-align: justify;\">La pandemia \u00e8 stata un vero banco di prova per la nostra capacit\u00e0 di reagire e lavorare in squadra, soprattutto per quelle aree con maggiore responsabilit\u00e0 per la sicurezza e il benessere di dipendenti e clienti, come le aree di Prevenzione dei rischi sul lavoro (PRL), Personas, Sicurezza , Infrastrutture, Operazioni o Comunicazione, tra le altre.<\/p>\n<p style=\"text-align: justify;\"><!--more--><\/p>\n<p><!--noteaser--><\/p>\n<p><a href=\"https:\/\/actualidad.codere.com\/wp-content\/uploads\/2023\/04\/PRL.png\"><img decoding=\"async\" class=\" wp-image-14321\" src=\"https:\/\/actualidad.codere.com\/wp-content\/uploads\/2023\/04\/PRL.png\" alt=\"embajada-espanola\" width=\"625\" height=\"408\" \/><\/a><\/p>\n<p style=\"text-align: justify;\"><strong>Madrid, 16 febbraio 2020.-\u00a0<\/strong>La pandemia \u00e8 stata un vero banco di prova per la nostra capacit\u00e0 di reagire e lavorare in squadra, soprattutto per quelle aree con maggiore responsabilit\u00e0 per la sicurezza e il benessere di dipendenti e clienti, come le aree di Prevenzione dei rischi sul lavoro (PRL), Personas, Sicurezza , Infrastrutture, Operazioni o Comunicazione, tra le altre.<\/p>\n<p style=\"text-align: justify;\">Per questo motivo, da quando \u00e8 scoppiata la crisi sanitaria, le funzioni coinvolte hanno iniziato a lavorare nelle diverse aree interessate, sebbene la Direzione Corporate di Personas si sia accordata per organizzare gli sforzi, mettere in comune i piani di azione e stabilire misure comuni per l&#8217;intera azienda. Sono state quindi individuate e attuate le migliori iniziative di prevenzione a livello globale, con flessibilit\u00e0 per quanto rigurada le normative locali dei diversi Paesi.<\/p>\n<p style=\"text-align: justify;\"><a href=\"https:\/\/actualidad.codere.com\/wp-content\/uploads\/2023\/04\/Foto-5-AGM.jpg\"><img decoding=\"async\" class=\"wp-image-14321 alignleft\" src=\"https:\/\/actualidad.codere.com\/wp-content\/uploads\/2023\/04\/Foto-5-AGM.jpg\" alt=\"embajada-espanola\" width=\"200\" height=\"350\" \/><\/a>\u00c8 stato necessario intervenire con urgenza, per questo sono stati messi in atto una serie di meccanismi e sistemi di controllo interno che, dopo diversi mesi di operativit\u00e0, hanno dimostrato la loro efficacia nel prevenire la diffusione del virus tra dipendenti e clienti dell&#8217;azienda.<\/p>\n<p style=\"text-align: justify;\">Abbiamo parlato con <strong>Adolfo Gorj\u00f3n, Direttore della qualit\u00e0 operativa dell&#8217;area Personas e coordinatore delle attivit\u00e0 di Prevenzione dei rischi sul lavoro<\/strong> in merito alle nostre risorse umane, di come la nostra azienda \u00e8 stata organizzata e si sia adattata rapidamente a questa fase insolita:<\/p>\n<p style=\"text-align: justify;\"><strong>Come \u00e8 stata l&#8217;organizzazione delle azioni di PRL (prevenzione dei rischi sul lavoro) dal punto di vista dell&#8217;area Personas?<\/strong><\/p>\n<p style=\"text-align: justify;\">Dopo la dichiarazione della pandemia, la prima cosa che \u00e8 stata fatta \u00e8 stata quella di creare un elenco delle questioni essenziali da considerare per affrontare la situazione che l&#8217;azienda stava attraversando nei diversi paesi. Queste sono state poi raggruppate in una strategia che ha affrontato tre temi: <strong>salute e benessere, continuit\u00e0 aziendale e comunicazione interna.<\/strong><\/p>\n<p style=\"text-align: justify;\">Ad Ognuno di questi temi corrisponde un\u2019azione che ci consente di prenderci cura della salute dei nostri dipendenti e di soddisfare le principali linee guida dei governi delle business unit di Codere.<\/p>\n<p style=\"text-align: justify;\">A tal fine, \u00e8 stata creata una <strong>biblioteca documentale <\/strong>con le diverse disposizioni dei paesi, in modo da poterle analizzare e quindi avere un punto di partenza per poterle soddisfare tutte.<\/p>\n<p style=\"text-align: justify;\">Sulla base di questi documenti \u00e8 iniziato il lavoro sul <strong><em>Protocollo di Salute e Igiene<\/em><\/strong> aziendale, congiuntamente al focus sulla prevenzione delle persone e sulla prevenzione delle imprese (area Operations).<\/p>\n<p style=\"text-align: justify;\"><strong>Cosa comprendeva questo protocollo unificato e quali sono state le principali misure comuni adottate?<\/strong><\/p>\n<p style=\"text-align: justify;\">Nell&#8217;integrare tutte le necessit\u00e0 da soddisfare in un documento globale, sono state prese come riferimento le <strong>idee e le migliori procedure di ciascun paese<\/strong>, che non solo si sono conformate alle diverse normative, ma sono state anche migliorate. Una parte importante di questo protocollo unificato \u00e8 costituita dalle <strong>misure considerate &#8220;universali&#8221; dall&#8217;OMS,<\/strong> che sono inevitabilmente le pi\u00f9 importanti da tenere presenti (protocolli di igiene).<\/p>\n<p style=\"text-align: justify;\">L&#8217;aver lavorato con una certa rapidit\u00e0 e anticipazione sullo scenario europeo \u00e8 stato fondamentale, come \u201cprova\u201d, per poter avviare velocemente questo protocollo in America Latina, visto che alla fine tutti i Paesi avevano le stesse necessit\u00e0 di supporto per affrontare la pandemia.<\/p>\n<p style=\"text-align: justify;\"><strong>Come \u00e8 stato previsto il ritorno all\u2019attivit\u00e0 dei dipendenti?<\/strong><\/p>\n<p style=\"text-align: justify;\">La necessit\u00e0 di prepararsi al ritorno all\u2019 attivit\u00e0 ci ha costretti ad eseguire e monitorare il rigoroso rispetto del nostro <strong><em>Protocollo di salute e igiene<\/em><\/strong>, essenziale per il rientro in sicurezza di dipendenti, clienti, ecc<\/p>\n<p style=\"text-align: justify;\">Per affrontare questo processo sono state adottate diverse misure nelle unit\u00e0 di business, come l&#8217;osservazione delle attivit\u00e0 attraverso circuiti chiusi in alcuni locali, o l&#8217;istituzione di misure sanzionatorie per non conformit\u00e0. Va detto che in generale i nostri dipendenti hanno mostrato un atteggiamento responsabile e collaborativo.<\/p>\n<p style=\"text-align: justify;\">Si segnala inoltre che come misura di diffusione e rafforzamento del nostro protocollo, sono stati creati dei <strong>corsi <em>online<\/em><\/strong> per i nostri collaboratori, che fungono da guida per l&#8217;applicazione delle misure stabilite.<\/p>\n<p style=\"text-align: justify;\">A tutto quanto sopra si aggiungono gli <strong>adeguamenti delle strutture<\/strong> degli uffici e delle sale giochi, che sono state dotate di segnaletica specifica per spazi comuni e di lavoro e flussi di circolazione seguendo le norme di prevenzione di base contro il Covid-19; oltre a fornire ai nostri dipendenti il <strong>necessario (gel, maschere, termometri<\/strong> &#8230;) per la cura dell&#8217;igiene sul lavoro.<\/p>\n<p style=\"text-align: justify;\">In questa fase di rientro \u00e8 stato particolarmente determinante <strong>il lavoro di monitoraggio dei Comitati Covid-19<\/strong> composti da team multidisciplinari in ogni Paese, che ci hanno permesso di avere il polso dell&#8217;evoluzione della pandemia e del suo impatto sull&#8217;azienda, al fine di decidere azioni specifiche in ciascuno degli scenari: centri di lavoro o sale giochi.<\/p>\n<p style=\"text-align: justify;\"><strong>Possiamo dire che le azioni messe in atto hanno funzionato?<\/strong><\/p>\n<p style=\"text-align: justify;\">Indubbiamente, riteniamo che i protocolli e le misure adottati abbiano funzionato a causa del relativamente <strong>basso tasso di contagio<\/strong> <strong>registrato<\/strong> (da marzo a fine anno solo 279 dipendenti sono stati positivi) e della <strong>saggia decisione di sostenere il lavoro a distanza<\/strong>, mantenendo esclusivamente quelli funzioni in modalit\u00e0 presenziale, necessarie nei centri di lavoro. Tutto ci\u00f2 ha permesso di contenere il virus.<\/p>\n<p style=\"text-align: justify;\">D&#8217;altronde questa esperienza ha messo alla prova la nostra capacit\u00e0 come azienda, dimostrandoci quanto sia importante il <strong>lavoro collaborativo<\/strong> dei diversi team e paesi, insieme alla volont\u00e0 congiunta di affrontare il virus in modo coordinato e con grande agilit\u00e0. .<\/p>\n<p style=\"text-align: justify;\">C&#8217;\u00e8 sempre spazio per migliorare, ovviamente, ma <strong>la pandemia ci ha preparati ad affrontare le future eventualit\u00e0.<\/strong><\/p>\n<p style=\"text-align: justify;\"><strong>Qual\u2019\u00e8 stata la cosa pi\u00f9 rilevante in questo periodo?<\/strong><\/p>\n<p style=\"text-align: justify;\">Una delle chiavi di questa crisi \u00e8 stata <strong>mantenere viva la comunicazione interna con i nostri dipendent<\/strong>i, e per questo sono state abilitate le piattaforme <a href=\"https:\/\/enpositivo.codere.com\/\"><em>Codere en positiv<\/em>o<\/a> ed <a href=\"https:\/\/enpositivo.codere.com\/Formacion.html\"><em><u>Espacio en positivo<\/u><\/em><\/a>, ottenendo un ottimo riscontro da parte delle persone con la loro partecipazione alle diverse attivit\u00e0 organizzate.<\/p>\n<p style=\"text-align: justify;\">All&#8217;inizio della crisi, c&#8217;era un importante bisogno di fornire supporto morale ed emotivo a distanza, per questo queste iniziative hanno permesso alle persone di &#8220;mantenere il contatto e sentirsi accompagnate&#8221;, riuscendo a svolgere la loro attivit\u00e0 e di attenuare l&#8217;incertezza che la pandemia stava generando rispetto all&#8217;occupazione, al futuro del gruppo o alla salute.<\/p>\n<p style=\"text-align: justify;\">Come ho accennato, <strong>i dati di contagio ragionevolmente bassi in azienda<\/strong>, che rappresentano meno del <strong>3%<\/strong> di tutti i nostri dipendenti, mettono in luce due temi importanti: da un lato, <strong>la grande importanza che Codere attribuisce alla salute dei dipendenti <\/strong>(attraverso il &#8221; buon &#8220;funzionamento delle <strong>misure di PRL adottate<\/strong>), e dall&#8217;altra, che grazie al <strong>lavoro a distanza<\/strong> \u00e8 stato possibile ridurre l&#8217;esposizione dei dipendenti in spazi di lavoro condivisi, sale da pranzo, mezzi pubblici &#8230; cosa che ha permesso di favorire il contenimento del contagio .<\/p>\n<p style=\"text-align: justify;\"><strong>Cosa non dimenticheremo di questa crisi?<\/strong><\/p>\n<p style=\"text-align: justify;\">Senza dubbio, <strong>l&#8217;atteggiamento delle persone<\/strong>. La crisi che abbiamo vissuto ci ha mostrato che in Codere abbiamo persone <strong>disposte a lavorare in squadra<\/strong> e che anche nel peggiore dei casi nascono idee, proposte e azioni per poter offrire una <strong>risposta rapida e forte <\/strong>alle esigenze dell&#8217;azienda .<\/p>\n<p style=\"text-align: justify;\">E prima di concludere, voglio fare una menzione speciale e un riconoscimento ai nostri colleghi, che purtroppo non sono riusciti a superare il Covid-19. Il nostro continuo ricordo va a: <strong>Crist\u00f3bal Olaciregui Polanco, di Panama, Maheli Sandoval Granados, Mar\u00eda Elsa Carre\u00f3n S\u00e1nchez, Filiberto Rojas Carmona, H\u00e9ctor S\u00e1nchez Pineda, Iv\u00e1n Esteban Cohetzaltitla e Alejandro P\u00e9rez Delgado, del Messico<\/strong><\/p>\n<p style=\"text-align: justify;\">Per tutti, dobbiamo continuare a impegnarci nel dare la priorit\u00e0 alla sicurezza delle persone e non abbassare la guardia, seguendo i protocolli e nella responsabilit\u00e0 verso noi stessi e gli altri in questa nuova fase della pandemia in 2021.<\/p>\n<p><\/p>","protected":false},"excerpt":{"rendered":"<p>Ci spiace, ma questo articolo \u00e8 disponibile soltanto in Espa\u00f1ol.<\/p>\n","protected":false},"author":1,"featured_media":8018,"comment_status":"open","ping_status":"open","sticky":false,"template":"","format":"standard","meta":{"footnotes":""},"categories":[3],"tags":[],"class_list":["post-8017","post","type-post","status-publish","format-standard","has-post-thumbnail","hentry","category-somos-responsables"],"_links":{"self":[{"href":"https:\/\/actualidad.codere.com\/it\/wp-json\/wp\/v2\/posts\/8017","targetHints":{"allow":["GET"]}}],"collection":[{"href":"https:\/\/actualidad.codere.com\/it\/wp-json\/wp\/v2\/posts"}],"about":[{"href":"https:\/\/actualidad.codere.com\/it\/wp-json\/wp\/v2\/types\/post"}],"author":[{"embeddable":true,"href":"https:\/\/actualidad.codere.com\/it\/wp-json\/wp\/v2\/users\/1"}],"replies":[{"embeddable":true,"href":"https:\/\/actualidad.codere.com\/it\/wp-json\/wp\/v2\/comments?post=8017"}],"version-history":[{"count":1,"href":"https:\/\/actualidad.codere.com\/it\/wp-json\/wp\/v2\/posts\/8017\/revisions"}],"predecessor-version":[{"id":8020,"href":"https:\/\/actualidad.codere.com\/it\/wp-json\/wp\/v2\/posts\/8017\/revisions\/8020"}],"wp:featuredmedia":[{"embeddable":true,"href":"https:\/\/actualidad.codere.com\/it\/wp-json\/wp\/v2\/media\/8018"}],"wp:attachment":[{"href":"https:\/\/actualidad.codere.com\/it\/wp-json\/wp\/v2\/media?parent=8017"}],"wp:term":[{"taxonomy":"category","embeddable":true,"href":"https:\/\/actualidad.codere.com\/it\/wp-json\/wp\/v2\/categories?post=8017"},{"taxonomy":"post_tag","embeddable":true,"href":"https:\/\/actualidad.codere.com\/it\/wp-json\/wp\/v2\/tags?post=8017"}],"curies":[{"name":"wp","href":"https:\/\/api.w.org\/{rel}","templated":true}]}}