{"id":8087,"date":"2021-04-23T06:46:56","date_gmt":"2021-04-23T06:46:56","guid":{"rendered":"https:\/\/actualidad.codere.com\/2021\/04\/23\/fondo-de-ayuda-juntos-mas-fuertes\/"},"modified":"2023-04-12T12:51:08","modified_gmt":"2023-04-12T12:51:08","slug":"fondo-de-ayuda-juntos-mas-fuertes","status":"publish","type":"post","link":"https:\/\/actualidad.codere.com\/it\/2021\/04\/23\/fondo-de-ayuda-juntos-mas-fuertes\/","title":{"rendered":"Fondo de aiuti. Insieme, pi\u00f9 forti"},"content":{"rendered":"<p><\/p>\n<p style=\"text-align: justify;\"><a href=\"https:\/\/actualidad.codere.com\/wp-content\/uploads\/2023\/04\/fondoayuda.png\"><img fetchpriority=\"high\" decoding=\"async\" class=\"size-medium wp-image-13453 alignleft\" src=\"https:\/\/actualidad.codere.com\/wp-content\/uploads\/2023\/04\/fondoayuda.png\" alt=\"panama\" width=\"300\" height=\"168\" \/><\/a><\/p>\n<p style=\"text-align: justify;\">Se la pandemia ha avuto uno scopo, \u00e8 stato quello di rafforzare i nostri valori e rendere concreta,pi\u00f9 chiaramente che mai, la nostra convinzione che uniti siamo pi\u00f9 forti.<\/p>\n<p style=\"text-align: justify;\"><!--more--><\/p>\n<p><!--noteaser--><\/p>\n<p><a href=\"https:\/\/actualidad.codere.com\/wp-content\/uploads\/2023\/04\/fondoayuda.png\"><img decoding=\"async\" class=\" wp-image-14321\" src=\"https:\/\/actualidad.codere.com\/wp-content\/uploads\/2023\/04\/fondoayuda.png\" alt=\"embajada-espanola\" width=\"625\" height=\"408\" \/><\/a><\/p>\n<p style=\"text-align: justify;\"><strong>Madrid, 27 aprile 2021.-\u00a0<\/strong>Se la pandemia ha avuto uno scopo, \u00e8 stato quello di rafforzare i nostri valori e rendere concreta,pi\u00f9 chiaramente che mai, la nostra convinzione che uniti siamo pi\u00f9 forti.<\/p>\n<p style=\"text-align: justify;\">Sono passati pi\u00f9 di tredici mesi da quando il coronavirus ha innescato la crisi pi\u00f9 profonda e globale a noi nota, influenzando le nostre vite e costringendoci ad adattare ogni struttura in tempi record. Sfortunatamente, uno dei settori che ha sofferto pi\u00f9 duramente delle restrizioni dei diversi governi \u00e8 stato il gioco privato. Siamo stati i primi a chiudere e siamo gli ultimi ad aprire o abbandonare le severe limitazioni imposte per rallentare la diffusione del virus.<\/p>\n<p style=\"text-align: justify;\">Questa grave situazione ha costretto la nostra azienda ad attuare un severo piano di emergenza e prendere decisioni necessarie ma dolorose rispetto alla dedizione di alcuni nostri collaboratori, le cui funzioni sono state compromesse dalla pandemia. Ma l&#8217;azienda, dietro lo slogan di lavorare in gruppo e non lasciare indietro nessuno, ha sviluppato parallelamente iniziative di aiuto, per alleviare le conseguenze che questa situazione avrebbe potuto avere tra le famiglie di molti dipendenti. E\u2019 nato cos\u00ec il <strong>Fondo economico covid di aiuto solidale<\/strong>, per sostenere i casi pi\u00f9 vulnerabili durante la crisi sanitaria. E, affinch\u00e9 tutti lo conoscessero, sono stati attivati \u200b\u200btutti i canali di comunicazione interna, sia formale che informale, aziendale o locale.<\/p>\n<p style=\"text-align: justify;\">Dopo un anno, e ora che a poco a poco stiamo tornando all&#8217;attivit\u00e0, \u00e8 tempo di tirare le somme e di capire come questo progetto, guidato dalla Direzione Corporativa Personas, e con il lavoro instancabile dei team locali delle varie aree, sia servito ad attenuare l&#8217;impatto della crisi:<\/p>\n<p><a href=\"https:\/\/actualidad.codere.com\/wp-content\/uploads\/2023\/04\/algunascifrasayuda.png\"><img decoding=\"async\" class=\" wp-image-14321\" src=\"https:\/\/actualidad.codere.com\/wp-content\/uploads\/2023\/04\/algunascifrasayuda.png\" alt=\"embajada-espanola\" width=\"625\" height=\"408\" \/><\/a><\/p>\n<p style=\"text-align: justify;\">\u201cQuesto \u00e8 un progetto con il quale non avremmo voluto avere un impatto troppo forte, poich\u00e9 ci\u00f2 avrebbe significato che avremmo avuto la capacit\u00e0 di affrontare la crisi senza impatto sulla nostra economia interna. Sfortunatamente, la precedente situazione economica in molti dei nostri mercati, insieme alla mancanza di protezione sociale di alcuni governi che hanno implementato misure di aiuti straordinari, ha costretto pi\u00f9 di mille dipendenti a richiedere supporto all&#8217;azienda &#8220;, afferma <strong>Joaqu\u00edn Guijarro<\/strong>, <strong>direttore di il centro specializzato globale ADN Codere<\/strong>, e uno dei responsabili di questa iniziativa.<\/p>\n<p style=\"text-align: justify;\">Aggiunge che \u201ccome azienda, il nostro dovere e impegno \u00e8 fare tutto il possibile per affrontare situazioni eccezionali, e non \u00e8 nei nostri piani lasciare indietro nessuno. Sono stati mesi di lavoro molto intenso, in cui l&#8217;empatia ha ricoperto un ruolo pi\u00f9 importante che mai. Nessuna delle richieste pervenute era semplice, perch\u00e8 riguardavano tutte sempre una situazione personale o familiare complessa, e dovevamo lavorare in modo veloce e altamente coordinato con tutti i Paesi del gruppo \u201d.<\/p>\n<p style=\"text-align: justify;\">Questo progetto, che va avanti da dodici mesi &#8220;ha segnato a livello personale tutti i team coinvolti&#8221;, spiega Joaqu\u00edn, che ringrazia anche &#8220;tutte le persone che hanno partecipato, in particolare il team <em>People Business Partner<\/em> di ciascuna unit\u00e0, il loro impegno e atteggiamento positivo perch\u00e9 tutto si potesse risolvere in modo soddisfacente<\/p>\n<p style=\"text-align: justify;\">Ed \u00e8 proprio la collaborazione e il lavoro di team efficienti che ha aiutato maggiormente a soddisfare tutte le richieste. Di fronte all&#8217;elevato numero di richieste pervenute, soprattutto nei primi mesi, il dipartimento Personas non si \u00e8 tirato indietro e, senza pensare al tempo speso, ha effettuato un report giornaliero delle richieste e dello stato di elaborazione, in costante <em>feedback<\/em> con il <em>country manager<\/em> responsabile di ogni paese, per avere una risposta in breve tempo.<\/p>\n<p style=\"text-align: justify;\">Come dice <strong>Felipe Orta, direttore del Centro di Specialit\u00e0 locale dell&#8217;area Personas del Messico<\/strong>, paese che \u00e8 stato uno dei principali beneficiari del progetto, \u201cnel nostro Paese, il Governo non ha fornito sostegno finanziario alle persone che hanno perso il lavoro a causa della pandemia, quindi era urgente attuare un nostro piano che rispondesse alle esigenze dei dipendenti pi\u00f9 colpiti dalla chiusura delle nostre sale. Attraverso tutti i canali di comunicazione dell&#8217;azienda, abbiamo informato i collaboratori, e le PBP si sono occupate di offrire un&#8217;attenzione personalizzata a chi ci ha contattato per meglio comprendere la loro richiesta e offrire loro la risposta migliore \u201d.<\/p>\n<p style=\"text-align: justify;\">\u00a0\u201cLa situazione \u00e8 cambiata radicalmente in un attimo e abbiamo avuto la capacit\u00e0 di adattarci per non essere lasciati fuori dal gioco. La nuova normalit\u00e0 ci ha imposto di adattarci costantemente ai cambiamenti e aprirci a nuovi modelli di lavoro, mostrare flessibilit\u00e0 ai vincoli operativi, senza dimenticare i nostri clienti e facendoli sentire al sicuro nelle nostre strutture, con tutti i processi interni coordinati e il miglior team umano che non si \u00e8 mai sotrratto a nulla, nemmeno nei momenti pi\u00f9 difficili. Questo periodo ci ha dimostrato che uniti siamo pi\u00f9 forti \u201d, afferma Felipe.<\/p>\n<p style=\"text-align: justify;\">S<strong>olange Ripoll, direttrice del Centro Locale di Specialit\u00e0 dell&#8217;area Personas in Argentina,<\/strong> afferma che &#8220;tutte le domande e le richieste sono state canalizzate attraverso un account creato <em>ad hoc<\/em> per questo scopo, con una persona locale incaricata di occuparsi personalmente di tutti i casi. Per noi era fondamentale che i dipendenti sapessero di poter avere una persona di riferimento e che a tutte le loro domande sarebbe stata data risposta in modo personalizzato, accompagnandoli e informandoli in tutte le fasi del processo. Le richieste pervenute non erano sempre di natutra economica. A volte era anche per poter ottenere medicinali o velocizzare i processi medici e anche loro si sono risolti \u201d.<\/p>\n<p style=\"text-align: justify;\">Inoltre, spiega che &#8220;come gruppo di lavoro, la lezione pi\u00f9 importante che abbiamo imparato \u00e8 la necessit\u00e0 di metterci nei panni degli altri e apprezzare la salute o l&#8217;assistenza familiare molto pi\u00f9 di altri aspetti a cui abbiamo sempe prestato maggiore attenzione o maggior impegno. Siamo consapevoli che alcuni casi non sono stati risolti, poich\u00e9 in questi casi, nel valutare le criticit\u00e0 con il dipendente stesso, ci siamo accorti che la sua situazione non era cos\u00ec delicata come quella di altri colleghi, che avevano davvero bisogno di aiuto, e loro stessi hanno riconosciuto che era meglio concentrare gli sforzi su altre persone, cosa che \u00e8 anche un segno di generosit\u00e0 \u201d.<\/p>\n<p style=\"text-align: justify;\">Molteplici e costanti sono state le manifestazioni di apprezzamento da parte dei beneficiari durante la durata del progetto. Centinaia di collaboratori hanno scritto ai vari responsabili del progetto per esprimere gratitudine per il supporto ricevuto ed esprimere l&#8217;orgoglio di appartenere a questo gruppo. E per quelli di noi che cercano un&#8217;opportunit\u00e0 nelle crisi, questa \u00e8 rappresentata dallo sviluppo \u00a0della nostra capacit\u00e0 di aiutarci a vicenda, formare una squadra unita e dare il meglio di noi stessi a beneficio di tutti.<\/p>\n<p style=\"text-align: justify;\">\n<p style=\"text-align: justify;\"><!--more--><\/p>\n<p style=\"text-align: justify;\"><!--noteaser--><\/p>\n<p><\/p>","protected":false},"excerpt":{"rendered":"<p>Ci spiace, ma questo articolo \u00e8 disponibile soltanto in Espa\u00f1ol.<\/p>\n","protected":false},"author":1,"featured_media":8088,"comment_status":"open","ping_status":"open","sticky":false,"template":"","format":"standard","meta":{"footnotes":""},"categories":[3],"tags":[],"class_list":["post-8087","post","type-post","status-publish","format-standard","has-post-thumbnail","hentry","category-somos-responsables"],"_links":{"self":[{"href":"https:\/\/actualidad.codere.com\/it\/wp-json\/wp\/v2\/posts\/8087","targetHints":{"allow":["GET"]}}],"collection":[{"href":"https:\/\/actualidad.codere.com\/it\/wp-json\/wp\/v2\/posts"}],"about":[{"href":"https:\/\/actualidad.codere.com\/it\/wp-json\/wp\/v2\/types\/post"}],"author":[{"embeddable":true,"href":"https:\/\/actualidad.codere.com\/it\/wp-json\/wp\/v2\/users\/1"}],"replies":[{"embeddable":true,"href":"https:\/\/actualidad.codere.com\/it\/wp-json\/wp\/v2\/comments?post=8087"}],"version-history":[{"count":1,"href":"https:\/\/actualidad.codere.com\/it\/wp-json\/wp\/v2\/posts\/8087\/revisions"}],"predecessor-version":[{"id":8089,"href":"https:\/\/actualidad.codere.com\/it\/wp-json\/wp\/v2\/posts\/8087\/revisions\/8089"}],"wp:featuredmedia":[{"embeddable":true,"href":"https:\/\/actualidad.codere.com\/it\/wp-json\/wp\/v2\/media\/8088"}],"wp:attachment":[{"href":"https:\/\/actualidad.codere.com\/it\/wp-json\/wp\/v2\/media?parent=8087"}],"wp:term":[{"taxonomy":"category","embeddable":true,"href":"https:\/\/actualidad.codere.com\/it\/wp-json\/wp\/v2\/categories?post=8087"},{"taxonomy":"post_tag","embeddable":true,"href":"https:\/\/actualidad.codere.com\/it\/wp-json\/wp\/v2\/tags?post=8087"}],"curies":[{"name":"wp","href":"https:\/\/api.w.org\/{rel}","templated":true}]}}