{"id":8106,"date":"2021-04-23T06:47:12","date_gmt":"2021-04-23T06:47:12","guid":{"rendered":"https:\/\/actualidad.codere.com\/2021\/04\/23\/la-responsabilidad-empieza-en-casa\/"},"modified":"2023-04-12T12:51:16","modified_gmt":"2023-04-12T12:51:16","slug":"la-responsabilidad-empieza-en-casa","status":"publish","type":"post","link":"https:\/\/actualidad.codere.com\/it\/2021\/04\/23\/la-responsabilidad-empieza-en-casa\/","title":{"rendered":"La responsabilit\u00f2 inizia in casa"},"content":{"rendered":"<p><\/p>\n<p style=\"text-align: justify;\"><a href=\"https:\/\/actualidad.codere.com\/wp-content\/uploads\/2023\/04\/RSE.jpg\"><img fetchpriority=\"high\" decoding=\"async\" class=\"size-medium wp-image-13453 alignleft\" src=\"https:\/\/actualidad.codere.com\/wp-content\/uploads\/2023\/04\/RSE.jpg\" alt=\"panama\" width=\"300\" height=\"168\" \/><\/a><\/p>\n<p style=\"text-align: justify;\">La responsabilit\u00e0 sociale \u00e8 uno dei pilastri portanti della governance di Codere, e il nostro lavoro non si limita alla sfera esterna, bens\u00ec privilegia le preoccupazioni e le esigenze dei collaboratori dell&#8217;organizzazione.<\/p>\n<p style=\"text-align: justify;\"><!--more--><\/p>\n<p><!--noteaser--><\/p>\n<p><a href=\"https:\/\/actualidad.codere.com\/wp-content\/uploads\/2023\/04\/RSE.jpg\"><img decoding=\"async\" class=\" wp-image-14321\" src=\"https:\/\/actualidad.codere.com\/wp-content\/uploads\/2023\/04\/RSE.jpg\" alt=\"embajada-espanola\" width=\"625\" height=\"408\" \/><\/a><\/p>\n<p style=\"text-align: justify;\"><strong>Madrid, 27 aprile 2021.-\u00a0<\/strong>La responsabilit\u00e0 sociale \u00e8 uno dei pilastri portanti della governance di Codere, e il nostro lavoro non si limita alla sfera esterna, bens\u00ec privilegia le preoccupazioni e le esigenze dei collaboratori dell&#8217;organizzazione.<\/p>\n<p style=\"text-align: justify;\">Il <em>Piano di Responsabilit\u00e0 Sociale corporativa<\/em> recentemente approvato prevede quindi un programma d&#8217;azione interno, basato sui nostri valori, che interesser\u00e0 tutti i membri del gruppo e che si articola su cinque pilastri fondamentali:<\/p>\n<p><a href=\"https:\/\/actualidad.codere.com\/wp-content\/uploads\/2023\/04\/RSC1-1-1.png\"><img decoding=\"async\" class=\" wp-image-14321\" src=\"https:\/\/actualidad.codere.com\/wp-content\/uploads\/2023\/04\/RSC1-1-1.png\" alt=\"embajada-espanola\" width=\"625\" height=\"408\" \/><\/a><\/p>\n<p style=\"text-align: justify;\">Per saperne di pi\u00f9 sul suo sviluppo, parliamo con <strong>\u00c1lvaro de Ansorena, direttore corporativo del dipartimento Personas,<\/strong> e <strong>Jorge Alfredo Barreras, direttore corporativo di RSC dei Dipendenti<\/strong>, che guida i diversi team formati nell&#8217;area Personas per ciascuna dei 5 pilastri:<\/p>\n<p style=\"text-align: justify;\"><strong>Perch\u00e9 l&#8217;azienda ha ritenuto opportuno realizzare un Piano di RSC con e per i dipendenti?<\/strong><\/p>\n<p style=\"text-align: justify;\"><strong>AdA <\/strong>&#8211; In azienda siamo pienamente consapevoli dell&#8217;importanza di restituire parte di ci\u00f2 che generiamo alla societ\u00e0. Inoltre, il successo dipende dall&#8217;impegno delle persone e per promuoverlo, dobbiamo sviluppare un ambiente in cui le loro aspettative, motivazioni, bisogni, desideri e valori siano espressi attraverso il loro lavoro.<\/p>\n<p style=\"text-align: justify;\"><strong>JAB-<\/strong> In questo senso, lo sviluppo della RSC tra i dipendenti ha molti vantaggi. Uno, mostrare alla societ\u00e0 un ruolo pi\u00f9 impegnato nei confronti dell&#8217;ambiente in tutti i sensi, ma anche costituire un ambiente di lavoroin cui i collaboratori attuali e potenziali possano svolgere il proprio lavoro in modo pi\u00f9 completo e soddisfacente, con motivazione. Vogliamo essere ed essere visti come un&#8217;azienda responsabile, diversificata e inclusiva.<\/p>\n<p style=\"text-align: justify;\"><strong>Quale miglioramento il fatto di avere le nostre azioni responsabili combinate in questo piano?<\/strong><\/p>\n<p style=\"text-align: justify;\">AdA- \u00c8 importante sottolineare che l&#8217;azienda ha sempre avuto iniiziative legate alla responsabilit\u00e0 sociale dei dipendenti, ha moltiplicato in tal senso le sue attivit\u00e0, impegni e investimenti: da questioni come fornire ai dipendenti medicina sociale o assicurazioni, a misure per ridurre al minimo l&#8217;impatto sulla sicurezza o conciliare attivit\u00e0 e vita privata per coloro che hanno orari complicati. Il cambiamento \u00e8 la visione pi\u00f9 concreta che abbiamo oggi riguardo le esigenze delle nostre persone \u2013 secondo uno studio che abbiamo appena svolto- e di come tutto sia allineato ai nostri valori e alla nostra cultura.<\/p>\n<p style=\"text-align: justify;\">JAB-Ora stiamo strutturando un piano esplicito di percorsi e progetti, relativamente a quei grandi bisogni che sono stati individuati all&#8217;interno della nostra strategia globale dell&#8217;area Personas, per favorire un nuovo ambiente di gestione delle risorse umane in azienda che generi pi\u00f9 impegno e soddisfazione.<\/p>\n<p style=\"text-align: justify;\"><strong>Quali attivit\u00e0 principali include?<\/strong><\/p>\n<p style=\"text-align: justify;\">AdA- Abbiamo molte iniziative in corso, strutturate sulla base dei cinque pilastri permanenti dell&#8217;area RSC, con priorit\u00e0 iniziali per quest&#8217;anno ma che promuoveremo anche negli anni futuri. All&#8217;interno di ogni pilastro ci sono molti progetti che stiamo gi\u00e0 realizzando. In merito alla <strong>diversit\u00e0 e all&#8217;uguaglianza<\/strong>, stiamo completando i piani per l&#8217;uguaglianza di genere in Spagna, per l&#8217;equit\u00e0 salariale e la visibilit\u00e0 tra uomini e donne<\/p>\n<p style=\"text-align: justify;\">JAB- Dal 2021 in Spagna il piano per l\u2019uguaglianza \u00e8 obbligatorio, ma il nostro obiettivo \u00e8 replicarlo in tutte le nostre attivit\u00e0. Stiamo effettuando uno studio sulla diversit\u00e0 di genere, nazionalit\u00e0 e \u00a0generazionale nel gruppo, per avere una mappa della situazione e sviluppare varie iniziative di miglioramento.<\/p>\n<p style=\"text-align: justify;\">\u00a0AdA \u2013 Per quanto riguarda la componente<strong> dell&#8217;inclusione<\/strong>, stiamo lavorando all&#8217;inserimento di persone con differenze sensoriali e motorie, attraverso lo sviluppo di una politica per la discriminazione positiva di queste persone in determinati ruoli.<\/p>\n<p style=\"text-align: justify;\">JAB- Stiamo anche lavorando alla conoscenza della problematica e alla sana integrazione nel gruppo LGBTI. Inoltre, abbiamo appena pubblicato un <em>Protocollo di prevenzione e intervento contro molestie e molestie sul lavoro,<\/em> che mira a sradicare ogni comportamento umiliante, discriminatorio o di esclusione.<\/p>\n<p style=\"text-align: justify;\">AdA- Nell&#8217;area della <strong>conciliazione e del benessere<\/strong>, metteremo in atto una <em>Politica del lavoro a distanza<\/em> per l&#8217;intero gruppo, che sar\u00e0 pubblicata non appena la pandemia si sar\u00e0 placata e le misure di allontanamento sociale non saranno pi\u00f9 in vigore. Individueremo anche meccanismi che ci consentano di migliore conciliazione di gruppi che non possono lavorare a distanza a causa della natura della loro funzione.<\/p>\n<p style=\"text-align: justify;\">Per quanto riguarda l&#8217;<strong>integrazione<\/strong>, si stanno compiendo progressi nell&#8217;attuazione del cosiddetto modello di gestione, che prevede l&#8217;espressione dei nostri valori nel processo di gestione dei team e delle persone all&#8217;interno del gruppo.<\/p>\n<p style=\"text-align: justify;\">Si sta lavorando per migliorare i piani di <strong>onboarding<\/strong> per i nuovi dipendenti. \u00c8 stata progettata una nuova proposta di valore per i collaboratori che dovrebbe consentirci di migliorare il nostro employer branding e il nostro posizionamento di fronte a potenziali candidati. E, quando torneremo alla normalit\u00e0, riprenderemo il nostro progetto &#8220;Ideas WOW&#8221; come meccanismo di integrazione e partecipazione.<\/p>\n<p style=\"text-align: justify;\">JAB- Allo stesso tempo, stiamo lavorando ad un calendario Codere per celebrare le tappe fondamentali della vita dell&#8217;azienda, che servono a integrare alcune attivit\u00e0 con altre; e abbiamo un progetto aperto che \u00e8 la celebrazione della settimana di Codere, anche per conoscerci meglio, perch\u00e9 nel nostro gruppo convivono circa 50 nazionalit\u00e0 diverse.<\/p>\n<p style=\"text-align: justify;\">AdA- In merito alla <strong>sostenibilit\u00e0<\/strong> stiamo lavorando al progetto &#8216;EcoSfida&#8217; per eliminare le bottiglie di plastica negli ambienti di lavoro, e stiamo sviluppando diverse campagne per l&#8217;analisi e la razionalizzazione dei consumi energetici, il risparmio di carta e cartone e altri materiali nocivi per l&#8217;ambiente.<\/p>\n<p style=\"text-align: justify;\">Oltre a questi pilastri permanenti, quest&#8217;anno stiamo lavorando a sei progetti specifici, che non avranno continuit\u00e0: lo sviluppo di una <em>Politica di Prevenzione dei Rischi sul Lavoro<\/em> per l&#8217;intero gruppo; la progettazione e l&#8217;implementazione del modello leader di Codere, che specifica come vogliamo che siano i nostri futuri leader; lo sviluppo della nostra formazione sul gioco responsabile e un piano di feedback permanente per il dipendente. Abbiamo inoltre condotto un&#8217;intensa campagna informativa sull&#8217;utilizzo del nostro Canale di denuncia e stiamo pubblicizzando il nuovo <em>Codice Etico<\/em> e la relativa politica disciplinare.<\/p>\n<p style=\"text-align: justify;\">\n<p style=\"text-align: justify;\"><!--more--><\/p>\n<p style=\"text-align: justify;\"><!--noteaser--><\/p>\n<p><\/p>","protected":false},"excerpt":{"rendered":"<p>Ci spiace, ma questo articolo \u00e8 disponibile soltanto in Espa\u00f1ol.<\/p>\n","protected":false},"author":1,"featured_media":8110,"comment_status":"open","ping_status":"open","sticky":false,"template":"","format":"standard","meta":{"footnotes":""},"categories":[3],"tags":[],"class_list":["post-8106","post","type-post","status-publish","format-standard","has-post-thumbnail","hentry","category-somos-responsables"],"_links":{"self":[{"href":"https:\/\/actualidad.codere.com\/it\/wp-json\/wp\/v2\/posts\/8106","targetHints":{"allow":["GET"]}}],"collection":[{"href":"https:\/\/actualidad.codere.com\/it\/wp-json\/wp\/v2\/posts"}],"about":[{"href":"https:\/\/actualidad.codere.com\/it\/wp-json\/wp\/v2\/types\/post"}],"author":[{"embeddable":true,"href":"https:\/\/actualidad.codere.com\/it\/wp-json\/wp\/v2\/users\/1"}],"replies":[{"embeddable":true,"href":"https:\/\/actualidad.codere.com\/it\/wp-json\/wp\/v2\/comments?post=8106"}],"version-history":[{"count":1,"href":"https:\/\/actualidad.codere.com\/it\/wp-json\/wp\/v2\/posts\/8106\/revisions"}],"predecessor-version":[{"id":8109,"href":"https:\/\/actualidad.codere.com\/it\/wp-json\/wp\/v2\/posts\/8106\/revisions\/8109"}],"wp:featuredmedia":[{"embeddable":true,"href":"https:\/\/actualidad.codere.com\/it\/wp-json\/wp\/v2\/media\/8110"}],"wp:attachment":[{"href":"https:\/\/actualidad.codere.com\/it\/wp-json\/wp\/v2\/media?parent=8106"}],"wp:term":[{"taxonomy":"category","embeddable":true,"href":"https:\/\/actualidad.codere.com\/it\/wp-json\/wp\/v2\/categories?post=8106"},{"taxonomy":"post_tag","embeddable":true,"href":"https:\/\/actualidad.codere.com\/it\/wp-json\/wp\/v2\/tags?post=8106"}],"curies":[{"name":"wp","href":"https:\/\/api.w.org\/{rel}","templated":true}]}}