{"id":8145,"date":"2021-04-23T06:45:20","date_gmt":"2021-04-23T06:45:20","guid":{"rendered":"https:\/\/actualidad.codere.com\/2021\/04\/23\/editorial-23-de-abril\/"},"modified":"2023-04-12T12:51:32","modified_gmt":"2023-04-12T12:51:32","slug":"editorial-23-de-abril","status":"publish","type":"post","link":"https:\/\/actualidad.codere.com\/it\/2021\/04\/23\/editorial-23-de-abril\/","title":{"rendered":"Editoriale 27 aprile"},"content":{"rendered":"<p><\/p>\n<p style=\"text-align: justify;\"><strong><span style=\"font-size: 16px;\"><a href=\"https:\/\/actualidad.codere.com\/wp-content\/uploads\/2023\/04\/VDLEquipos.png\"><img fetchpriority=\"high\" decoding=\"async\" class=\"size-medium wp-image-14713 alignright\" src=\"https:\/\/actualidad.codere.com\/wp-content\/uploads\/2023\/04\/VDLEquipos.png\" alt=\"VDL\" width=\"300\" height=\"225\" \/><\/a><\/span><\/strong><\/p>\n<p style=\"text-align: justify;\">Come abbiamo condiviso in questi mesi, l&#8217;evoluzione della pandemia ha causato ritardi maggiori del previsto nella ripresa della nostra abituale attivit\u00e0, cosa che ha avuto un forte impatto sulla situazione finanziaria del nostro gruppo. Nonostante le misure di emergenza attuate e l&#8217;operazione di rifinanziamento chiusa alla fine dello scorso anno, l\u2019azienda ha bisogno di nuova liquidit\u00e0 nel breve periodo, che dopo mesi di trattative con azionisti, obbligazionisti e consulenti legali e finanziari, siamo riusciti a concordare con i nostrI creditori, compresa anche una ristrutturazione del debito corporativo.<\/p>\n<p style=\"text-align: justify;\"><strong><span style=\"font-size: 16px;\">\u00a0<\/span><\/strong><\/p>\n<p style=\"text-align: justify;\"><span style=\"font-size: 16px;\"><span style=\"font-size: 14px;\">\u00a0<\/span><\/span><\/p>\n<p style=\"text-align: justify;\"><!--more--><!--more--><\/p>\n<p style=\"text-align: justify;\"><!--noteaser--><\/p>\n<p>Cari tutti,<\/p>\n<p style=\"text-align: justify;\">Come abbiamo condiviso in questi mesi, l&#8217;evoluzione della pandemia ha causato ritardi maggiori del previsto nella ripresa della nostra abituale attivit\u00e0, cosa che ha avuto un forte impatto sulla situazione finanziaria del nostro gruppo. Nonostante le misure di emergenza attuate e l&#8217;operazione di rifinanziamento chiusa alla fine dello scorso anno, l\u2019azienda ha bisogno di nuova liquidit\u00e0 nel breve periodo, che dopo mesi di trattative con azionisti, obbligazionisti e consulenti legali e finanziari, siamo riusciti a concordare con i nostrI creditori, compresa anche una ristrutturazione del debito corporativo.<\/p>\n<p style=\"text-align: justify;\">In questo modo, gli attuali obbligazionisti di Codere confermano la loro fiducia nel management, nei collaboratori e nell&#8217;operativit\u00e0 del gruppo, con un nuovo contributo immediato, per supportare l&#8217;azienda fino al raggiungimento della normalit\u00e0 operativa, consapevoli che con la fine della pandemia potremo ottenere risultati simili a quelli precedenti alla crisi sanitaria, visto l&#8217;eccezionale rendimento delle nostre operazioni in quel periodo.<\/p>\n<p style=\"text-align: justify;\">Immetteranno cos\u00ec fino a 225 milioni di euro nel gruppo in tre tranche entro ottobre, \u00a0quando la ristrutturazione sar\u00e0 completata, e acconsentono a posticipare di tre anni, fino al 2026, la scadenza dei 250 milioni di euro precedentemente versati. Allo stesso tempo, gli obbligazionisti ricapitalizzeranno fino a 350 milioni di questo debito, il che implica una forte riduzione dello stesso, a seguito della quale verr\u00e0 creata una nuova capogruppo, di cui deterranno \u00a0il 95% del capitale e gli attuali azionisti manterranno il 5%.<\/p>\n<p style=\"text-align: justify;\">Con questo accordo, l\u2019azienda garantisce le proprie esigenze di liquidit\u00e0 e i mezzi necessari per attuare il proprio piano industriale. In considerazione del fatto che la societ\u00e0 cesser\u00e0 di essere quotata in borsa, una volta\u00a0 completato il processo di ristrutturazione, ci saranno cambiamenti \u00a0nella governance aziendale, ma non sar\u00e0 cos\u00ec per il nostro attuale team di gestione o organizzazione<\/p>\n<p style=\"text-align: justify;\">Nel frattempo, continueremo a rilanciare i nostri progetti di trasformazione, implementando misure di efficienza e osservando le opportunit\u00e0 offerte dalle attuali circostanze di mercato, con la stessa convinzione di riprendere il percorso di crescita una volta superata la pandemia.<\/p>\n<p style=\"text-align: justify;\">Ma non dobbiamo abbassare la guardia, questa fase complicata continuer\u00e0 a richiedere il massimo e il miglior contributo a \u00a0tutti noi che facciamo parte di questo gruppo. E l&#8217;azione basata sui nostri valori continuer\u00e0 ad essere la chiave del nostro operato, il modo migliore per garantire la nostra redditivit\u00e0 come azienda. In questo numero esaminiamo di nuvo il nostro impegno a lavorare in team uniti per l&#8217;eccellenza. Responsabili, con una visione condivisa e positiva. Collaborando per obiettivi comuni e con un constante apprendimento. Team in cui ogni ognuno di noi pu\u00f2 provare fiducia, riconoscimento e orgoglio di appartenenza.<\/p>\n<p style=\"text-align: justify;\">Continuiamo inoltre con il nostro piano di trasformazione verso un&#8217;organizzazione pi\u00f9 globale e semplificata, con la recente regionalizzazione delle funzioni di Marketing e Business Intelligence in America Latina, nonch\u00e9 il rafforzamento del team omnicanale.<\/p>\n<p style=\"text-align: justify;\">E stiamo anche facendo progressi nell&#8217;attuazione del nostro Piano di <em>responsabilit\u00e0 sociale corporativa<\/em>, con lo sviluppo di attivit\u00e0 con e per i dipendenti (come le azioni che approfondiscono la protezione dei dipendenti, che presentiamo pi\u00f9 in dettaglio in questo numero di Codere Actualidad).<\/p>\n<p style=\"text-align: justify;\">Infine, non voglio tralasciare il fatto che attualmente le nostre operazioni in Italia, Uruguay e Argentina sono chiuse. Sono fiducioso che potremo riaprire le prime due tra poche settimane, mentre sicuramente bisogner\u00e0 avere pazienza per la terza. Ma come vi dicevo in uno di questi editoriali all&#8217;inizio della pandemia: tutto passa, e questo passer\u00e0 (o meglio a questo punto: finir\u00e0).<\/p>\n<p style=\"text-align: justify;\">Vi saluto, ringraziando ancora una volta ciascuno di voi, soprattutto in questo periodo complicato, poich\u00e9 \u00e8 proprio la fiducia nel nostro lavoro che sostiene la determinazione dimostrata dagli obbligazionisti in questo passaggio fondamentale per garantire il nostro futuro. E invio le mie parole di incoraggiamento e solidariet\u00e0 a tutti coloro che stanno soffrendo per le nuove ondate di pandemia.<\/p>\n<p style=\"text-align: right;\">Un saluto,<\/p>\n<p style=\"text-align: right;\"><strong>Vicente Di Loreto, <\/strong><strong>direttore generale del Gruppo Codere<\/strong><\/p>\n<p style=\"text-align: right;\">(27 aprile 2021)<\/p>\n<p><\/p>","protected":false},"excerpt":{"rendered":"<p>Ci spiace, ma questo articolo \u00e8 disponibile soltanto in Espa\u00f1ol.<\/p>\n","protected":false},"author":1,"featured_media":8146,"comment_status":"open","ping_status":"open","sticky":false,"template":"","format":"standard","meta":{"footnotes":""},"categories":[2],"tags":[],"class_list":["post-8145","post","type-post","status-publish","format-standard","has-post-thumbnail","hentry","category-desde-presidencia"],"_links":{"self":[{"href":"https:\/\/actualidad.codere.com\/it\/wp-json\/wp\/v2\/posts\/8145","targetHints":{"allow":["GET"]}}],"collection":[{"href":"https:\/\/actualidad.codere.com\/it\/wp-json\/wp\/v2\/posts"}],"about":[{"href":"https:\/\/actualidad.codere.com\/it\/wp-json\/wp\/v2\/types\/post"}],"author":[{"embeddable":true,"href":"https:\/\/actualidad.codere.com\/it\/wp-json\/wp\/v2\/users\/1"}],"replies":[{"embeddable":true,"href":"https:\/\/actualidad.codere.com\/it\/wp-json\/wp\/v2\/comments?post=8145"}],"version-history":[{"count":1,"href":"https:\/\/actualidad.codere.com\/it\/wp-json\/wp\/v2\/posts\/8145\/revisions"}],"predecessor-version":[{"id":8147,"href":"https:\/\/actualidad.codere.com\/it\/wp-json\/wp\/v2\/posts\/8145\/revisions\/8147"}],"wp:featuredmedia":[{"embeddable":true,"href":"https:\/\/actualidad.codere.com\/it\/wp-json\/wp\/v2\/media\/8146"}],"wp:attachment":[{"href":"https:\/\/actualidad.codere.com\/it\/wp-json\/wp\/v2\/media?parent=8145"}],"wp:term":[{"taxonomy":"category","embeddable":true,"href":"https:\/\/actualidad.codere.com\/it\/wp-json\/wp\/v2\/categories?post=8145"},{"taxonomy":"post_tag","embeddable":true,"href":"https:\/\/actualidad.codere.com\/it\/wp-json\/wp\/v2\/tags?post=8145"}],"curies":[{"name":"wp","href":"https:\/\/api.w.org\/{rel}","templated":true}]}}