{"id":8282,"date":"2021-07-30T06:19:55","date_gmt":"2021-07-30T06:19:55","guid":{"rendered":"https:\/\/actualidad.codere.com\/2021\/07\/30\/pequenos-gestos-que-cambian-la-cara-al-planeta\/"},"modified":"2023-04-12T12:52:28","modified_gmt":"2023-04-12T12:52:28","slug":"pequenos-gestos-que-cambian-la-cara-al-planeta","status":"publish","type":"post","link":"https:\/\/actualidad.codere.com\/it\/2021\/07\/30\/pequenos-gestos-que-cambian-la-cara-al-planeta\/","title":{"rendered":"Piccoli gesti che cambiano il volto del pianeta"},"content":{"rendered":"<p>&nbsp;<\/p>\n<p style=\"text-align: justify;\"><a href=\"https:\/\/actualidad.codere.com\/wp-content\/uploads\/2023\/04\/medioambiente.png\"><img fetchpriority=\"high\" decoding=\"async\" class=\"size-medium wp-image-14321 alignleft\" src=\"https:\/\/actualidad.codere.com\/wp-content\/uploads\/2023\/04\/medioambiente.png\" alt=\"Amalia\" width=\"300\" height=\"196\" \/><\/a><\/p>\n<p style=\"text-align: justify;\">Nel 2015, gli Stati membri delle Nazioni Unite hanno approvato i 17 obiettivi di sviluppo sostenibile come parte dell&#8217;agenda 2030. Un appello universale all&#8217;azione per porre fine alla povert\u00e0, proteggere il pianeta e migliorare la vita e le prospettive delle persone in tutto il mondo. Nonostante ci siano stati dei progressi negli ultimi anni, \u00e8 necessario accelerare il ritmo della collaborazione, per frenare un eventuale peggioramento.<\/p>\n<p style=\"text-align: justify;\"><!--more--><\/p>\n<h2 style=\"text-align: justify;\">\u00a0<\/h2>\n<p><!--noteaser--><\/p>\n<p><a href=\"https:\/\/actualidad.codere.com\/wp-content\/uploads\/2023\/04\/medioambiente.png\"><img decoding=\"async\" class=\" wp-image-14321\" src=\"https:\/\/actualidad.codere.com\/wp-content\/uploads\/2023\/04\/medioambiente.png\" alt=\"embajada-espanola\" width=\"700\" height=\"538\" \/><\/a><\/p>\n<p style=\"text-align: justify;\"><strong>Madrid, 29 luglio de 2021.-\u00a0<\/strong>Nel 2015, gli Stati membri delle Nazioni Unite hanno approvato i 17 obiettivi di sviluppo sostenibile come parte dell&#8217;agenda 2030. Un appello universale all&#8217;azione per porre fine alla povert\u00e0, proteggere il pianeta e migliorare la vita e le prospettive delle persone in tutto il mondo. Nonostante ci siano stati dei progressi negli ultimi anni, \u00e8 necessario accelerare il ritmo della collaborazione, per frenare un eventuale peggioramento.<\/p>\n<p style=\"text-align: justify;\">Le restrizioni alla mobilit\u00e0 dovute alla pandemia hanno causato un forte calo dell&#8217;inquinamento, perch\u00e8 sono diminuiti gli spostamenti in macchina, la produzione industriale e i consumi. Di conseguenza, abbiamo visto le nostre acque pi\u00f9 pulite, il cielo pi\u00f9 limpido e persino l&#8217;occasionale animale selvatico attraversare il paesaggio urbano<strong>.<\/strong><\/p>\n<p style=\"text-align: justify;\">Ma quando arriveremo alla fine del tunnel in merito al coronavirus, vedremo anche il miraggio di quest&#8217;oasi nel deserto, perch\u00e9 con il ritorno della normalit\u00e0 anche i tassi di inquinamento ambientale torneranno ai propri livelli abituali.<\/p>\n<p style=\"text-align: justify;\">Per questo \u00e8 necessario che tutti si prenda coscienza di dover cambiare le proprie abitudini e capire che, con piccoli gesti quotidiani, possiamo contribuire a combattere i cambiamenti climatici e migliorare la sostenibilit\u00e0 ambientale.<\/p>\n<p style=\"text-align: justify;\">Farlo costa pochissimo ma evitare questa responsabilit\u00e0 invece ci potrebbe costare molto. Come ci ricordano le Nazioni Unite, il cambiamento climatico ha un impatto negativo sull&#8217;economia e sulla vita delle persone, con eventi meteorologici estremi o innalzamento del livello del mare.<\/p>\n<p style=\"text-align: justify;\">Con l\u2019aumento delle emissioni di gas, si calcola, in questo secolo, un impatto sulla temperatura della superficie media del mondo fino a 3\u00baC. La desertificazione e la siccit\u00e0 costringeranno gruppi di popolazione a spostarsi da una regione all&#8217;altra, creando spostamenti climatici. Per fare un esempio, secondo i dati del Ministero dell&#8217;Ambiente spagnolo, \u00e8 previsto uno scenario in cui il totale delle aree aride, semiaride e subumide secche in Spagna raggiunger\u00e0 il 75% del territorio totale. Queste cifre non lasciano spazio a dubbi.<\/p>\n<p style=\"text-align: justify;\">Per questo \u00e8 urgente modificare le nostre abitudini, per renderle pi\u00f9 sostenibili e rispettose dell&#8217;ambiente. Codere sta gi\u00e0 implementando un piano per risparmiare energia, ma ognuno di noi pu\u00f2 sostenere questo impegno dell&#8217;organizzazione. Siamo circa 12.000 eco-ambasciatori e insieme possiamo avere un impatto significativo sul pianeta riducendo il consumo di risorse e gli sprechi nel nostro ambiente lavorativo e personale.<\/p>\n<p style=\"text-align: justify;\">Si tratta di adottare nella nostra routine semplici azioni come:<\/p>\n<p style=\"text-align: justify;\"><strong>Consumo elettrico:<\/strong><\/p>\n<ul style=\"text-align: justify;\">\n<li>Prediligere l&#8217;uso della luce naturale al posto della luce artificiale.<\/li>\n<li>Scollegare gli elettrodomestici che non vengono utilizzati, come la televisione, il caricatore del cellulare, la batteria del laptop, ecc.<\/li>\n<li>Utilizzare connettori con spine multiple, e meglio con interruttore on\/off, per eliminare il consumo di energ\u00eda fantasma.<\/li>\n<li>Sostituire gli apparecchi elettrici con quelli pi\u00f9 efficienti con&#8217;etichetta energetica A e portare quelli vecchi ad un punto di raccolta per lo smaltimento.<\/li>\n<li>Utilizzare lampadine a risparmio energetico o fluorescenti.<\/li>\n<li>Utilizzare lavatrice e lavastoviglie con programmi economici, con acqua fredda e utilizzarli al massimo della capienza.<\/li>\n<li>Accendere la luce solo negli spazi dove \u00e8 necessaria e se c&#8217;\u00e8 qualcuno.<\/li>\n<li>Scongelare il cibo a temperatura ambiente..<\/li>\n<\/ul>\n<p style=\"text-align: justify;\"><strong>Climatizzazione:<\/strong><\/p>\n<ul style=\"text-align: justify;\">\n<li>In inverno, mettere il riscaldamento tra 19\u00baC e 23\u00baC di giorno e 15\u00baC di notte<\/li>\n<li>Chiudere le persiane di notte per evitare di perdere la temperatura.<\/li>\n<li>Utilizzare doppi vetri per migliorare l&#8217;isolamento termico.<\/li>\n<li>\u00a0<\/li>\n<\/ul>\n<p style=\"text-align: justify;\"><strong>Consumo di acqua:<\/strong><\/p>\n<ul style=\"text-align: justify;\">\n<li>Riparare le installazioni difettose che causano perdite o perdite d&#8217;acqua.<\/li>\n<li>Chiudere bene il rubinetto dell&#8217;acqua dopo averlo utilizzato.<\/li>\n<li>Aprire il rubinetto della doccia solo una volta e lasciarlo aperto solo quanto necessario.<\/li>\n<li>Preferire la doccia al bagno.<\/li>\n<li>Mettere dei diffusori su rubinetti o soffioni per risparmiare fino a oltre il 60% di acqua.<\/li>\n<li>Lavare frutta e verdura in un contenitore anzich\u00e9 sotto il rubinetto.<\/li>\n<li>Non lasciare mai il rubinetto aperto mentre svolgi un&#8217;altra attivit\u00e0 che non richiede acqua, quando ti lavi i denti, il viso, mentre ti radi&#8230;<\/li>\n<li>Ridurre la capacit\u00e0 dello scarico utilizzando bottiglie piene per risparmiare fino a quattro litri in ogni utilizzo.<\/li>\n<li>Installare un pulsante a doppio flusso nel serbatoio, con un&#8217;opzione con meno acqua e un&#8217;altra con pi\u00f9 quantit\u00e0.<\/li>\n<li>Innaffiare le piante di notte per potere sfurttare di pi\u00f9 l&#8217;acqua che non evapora.<\/li>\n<li>Lavare l&#8217;auto con secchio e panno per evitare sprechi.<\/li>\n<\/ul>\n<p style=\"text-align: justify;\"><strong>Mascherine e ambiente:<\/strong><\/p>\n<p style=\"text-align: justify;\"><a href=\"https:\/\/actualidad.codere.com\/wp-content\/uploads\/2023\/04\/mascarillamedioambiente.png\"><img decoding=\"async\" class=\"size-medium wp-image-20833 alignleft\" src=\"https:\/\/actualidad.codere.com\/wp-content\/uploads\/2023\/04\/mascarillamedioambiente.png\" alt=\"\" width=\"300\" height=\"200\" \/><\/a>Ogni mese sul pianeta vengono smaltite 129.000 milioni di mascherine, la maggior parte delle quali realizzate in microfibre di plastica. Se non agiamo in modo rapido e responsabile, questa diventer\u00e0 la nuova minaccia ambientale. I governi non sono riusciti a stabilire una linea guida ufficiale sul riciclaggio delle mascherine, quindi \u00e8 molto probabile che vengano smaltite come rifiuti solidi, e si tratta di prodotti in plastica che non sono facilmente biodegradabili, ma possono essere frammentati in particelle di plastica molto piccole (micro e nano), che si diffondono negli ecosistemi con la minaccia di accumulare e rilasciare sostanze chimiche e biologiche nocive, come il bisfenolo A, i metalli pesanti e i microrganismi patogeni, con un impatto negativo su piante, animali ed esseri umani.<\/p>\n<p style=\"text-align: justify;\">Inoltre la produzione di mascherine usa e getta \u00e8 di una portata simile a quella delle bottiglie di plastica, che \u00e8 stimata intono ai 43.000 milioni al mese, con la differenza che circa il 25% delle bottiglie viene riciclato, mentre le mascherine no; quindi il numero di contenitori per il riciclaggio che sono stati collocati nelle citt\u00e0 a questo scopo non \u00e8 che un aneddoto.<\/p>\n<p style=\"text-align: justify;\">Quindi, se non hai un contenitore specifico vicino a te per smaltire la tua maschera usata, buttala via, ma non buttarla mai a terra.<\/p>\n<p style=\"text-align: justify;\">Metti in atto questi piccoli gesti oggi, cos\u00ec da poter avere un domani.<\/p>\n<p>&nbsp;<\/p>","protected":false},"excerpt":{"rendered":"<p>Ci spiace, ma questo articolo \u00e8 disponibile soltanto in Espa\u00f1ol.<\/p>\n","protected":false},"author":1,"featured_media":8284,"comment_status":"open","ping_status":"open","sticky":false,"template":"","format":"standard","meta":{"footnotes":""},"categories":[3],"tags":[],"class_list":["post-8282","post","type-post","status-publish","format-standard","has-post-thumbnail","hentry","category-somos-responsables"],"_links":{"self":[{"href":"https:\/\/actualidad.codere.com\/it\/wp-json\/wp\/v2\/posts\/8282","targetHints":{"allow":["GET"]}}],"collection":[{"href":"https:\/\/actualidad.codere.com\/it\/wp-json\/wp\/v2\/posts"}],"about":[{"href":"https:\/\/actualidad.codere.com\/it\/wp-json\/wp\/v2\/types\/post"}],"author":[{"embeddable":true,"href":"https:\/\/actualidad.codere.com\/it\/wp-json\/wp\/v2\/users\/1"}],"replies":[{"embeddable":true,"href":"https:\/\/actualidad.codere.com\/it\/wp-json\/wp\/v2\/comments?post=8282"}],"version-history":[{"count":1,"href":"https:\/\/actualidad.codere.com\/it\/wp-json\/wp\/v2\/posts\/8282\/revisions"}],"predecessor-version":[{"id":8285,"href":"https:\/\/actualidad.codere.com\/it\/wp-json\/wp\/v2\/posts\/8282\/revisions\/8285"}],"wp:featuredmedia":[{"embeddable":true,"href":"https:\/\/actualidad.codere.com\/it\/wp-json\/wp\/v2\/media\/8284"}],"wp:attachment":[{"href":"https:\/\/actualidad.codere.com\/it\/wp-json\/wp\/v2\/media?parent=8282"}],"wp:term":[{"taxonomy":"category","embeddable":true,"href":"https:\/\/actualidad.codere.com\/it\/wp-json\/wp\/v2\/categories?post=8282"},{"taxonomy":"post_tag","embeddable":true,"href":"https:\/\/actualidad.codere.com\/it\/wp-json\/wp\/v2\/tags?post=8282"}],"curies":[{"name":"wp","href":"https:\/\/api.w.org\/{rel}","templated":true}]}}