{"id":8366,"date":"2021-10-27T14:48:53","date_gmt":"2021-10-27T14:48:53","guid":{"rendered":"https:\/\/actualidad.codere.com\/2021\/10\/27\/salud-y-bienestar\/"},"modified":"2023-04-12T12:53:03","modified_gmt":"2023-04-12T12:53:03","slug":"salud-y-bienestar","status":"publish","type":"post","link":"https:\/\/actualidad.codere.com\/it\/2021\/10\/27\/salud-y-bienestar\/","title":{"rendered":"Salute e benessere"},"content":{"rendered":"<p><\/p>\n<p style=\"text-align: justify;\"><a href=\"https:\/\/actualidad.codere.com\/wp-content\/uploads\/2023\/04\/Saludybienestar.png\"><img fetchpriority=\"high\" decoding=\"async\" class=\"size-medium wp-image-13453 alignleft\" src=\"https:\/\/actualidad.codere.com\/wp-content\/uploads\/2023\/04\/Saludybienestar.png\" alt=\"panama\" width=\"300\" height=\"168\" \/><\/a>I mesi di minaccia, incertezza e adattamento che abbiamo vissuto a seguito della pandemia, hanno reso ancora pi\u00f9 evidente l&#8217;importanza di prenderci cura della nostra salute e preservare il nostro benessere per affrontare le sfide giornaliere nella condizione migliore possibile.<\/p>\n<p style=\"text-align: justify;\"><!--more--><\/p>\n<p><!--noteaser--><\/p>\n<p><a href=\"https:\/\/actualidad.codere.com\/wp-content\/uploads\/2023\/04\/Saludybienestar.png\"><img decoding=\"async\" class=\" wp-image-14321\" src=\"https:\/\/actualidad.codere.com\/wp-content\/uploads\/2023\/04\/Saludybienestar.png\" alt=\"embajada-espanola\" width=\"625\" height=\"408\" \/><\/a><\/p>\n<p style=\"text-align: justify;\"><strong>Madrid, 29 di ottobre 2021.-\u00a0<\/strong>I mesi di minaccia, incertezza e adattamento che abbiamo vissuto a seguito della pandemia, hanno reso ancora pi\u00f9 evidente l&#8217;importanza di prenderci cura della nostra salute e preservare il nostro benessere per affrontare le sfide giornaliere nella condizione migliore possibile.<\/p>\n<p style=\"text-align: justify;\">Gestire lo stress in modo positivo, garantire il sonno e il riposo, mantenere abitudini sane e prendersi cura della nostra mente, si sono dimostrati strumenti essenziali. Rappresntano dei fondamentali che a volte dimentichiamo e, tuttavia, come ci mostra la \u201c<em>Piramide di Maslow<\/em>\u201d, non esiste crescita sostenibile senza aver prima soddisfatto i bisogni pi\u00f9 elementari.<\/p>\n<p style=\"text-align: justify;\">Il benessere \u00e8 un elemento chiave per la motivazione, l&#8217;impegno e la produttivit\u00e0. In Codere, abbiamo un programma di azioni per garantirlo, promuovendo la flessibilit\u00e0 e l&#8217;equilibrio tra lavoro e vita privata, la sicurezza del lavoro e la socializzazione.<\/p>\n<p style=\"text-align: justify;\">Oltre a questo, vogliamo accompagnare la quotidianit\u00e0 dei collaboratori ricordando loro una serie di azioni fondamentali per il benessere integrale, in modo da promuovere la vitalit\u00e0 di ogni membro, migliorando l&#8217;ambiente di lavoro e le nostre capacit\u00e0<\/p>\n<p style=\"text-align: justify;\">\u201cIl nostro impegno nei confronti dei dipendenti ci spinge a favorire un piano sanitario globale con contenuti comuni per l&#8217;intera organizzazione, che cerca di raggiungere il benessere secondo vari punti di vista, come ridurre il fumo, promuovere l&#8217;attivit\u00e0 fisica, seguire una dieta sana, controllare lo stress e altri fattori psicosociali. rischi, o semplicemente sottoporsi a regolari controlli sanitari per aiutarci a prevenire possibili malattie future. Inoltre, invieremo dei promemoria relativamente ad aspetti pi\u00f9 quotidiani che per\u00f2, per la loro semplicit\u00e0, sembriamo dimenticare, eppure sono di vitale importanza, come consumare acqua regolarmente o fare periodicamente piccoli esercizi di stretching \u201d, spiega <strong>Jorge Barreras, direttore di RSE del dipartimento personas.<\/strong><\/p>\n<p style=\"text-align: justify;\">Il programma di salute e benessere, pensato per l&#8217;azienda a livello globale, ha diverse categorie di contenuti:<\/p>\n<ol style=\"text-align: justify;\">\n<li><strong>Salute:<\/strong><\/li>\n<li>Promozione di un&#8217;alimentazione sana.<\/li>\n<li>Consigli sul consumo di acqua.<\/li>\n<li>Importanza di condurre visite mediche.<\/li>\n<li>Cura del cuore.<\/li>\n<li>Donazione del sangue: quando l&#8217;aiuto \u00e8 per gli altri.<\/li>\n<\/ol>\n<ol style=\"text-align: justify;\" start=\"2\">\n<li><strong>Benessere:<\/strong>\n<ol>\n<li>Sonno<\/li>\n<li>Esercizio fisico<\/li>\n<li><em>Mindfulness<\/em><\/li>\n<\/ol>\n<\/li>\n<\/ol>\n<ol style=\"text-align: justify;\" start=\"3\">\n<li><strong>Pause attive.<\/strong><\/li>\n<\/ol>\n<ol style=\"text-align: justify;\" start=\"4\">\n<li><strong>Salute mentale:<\/strong>\n<ol>\n<li>Ansia<\/li>\n<li>Stress<\/li>\n<\/ol>\n<\/li>\n<\/ol>\n<p style=\"text-align: justify;\">Sono anche presenti sia promemoria delle giornate internazionali pi\u00f9 rilevanti relative alla salute e al benessere, \u00a0che guide essenziali su come aiutare a prevenire, e talvolta a individuare, alcune malattie.<\/p>\n<p style=\"text-align: justify;\"><em>Sicuramente hai gi\u00e0 iniziato a ricevere questi promemoria, perch\u00e9 abbiamo lanciato questa campagna!qualche giorno fa <\/em><\/p>\n<p style=\"text-align: justify;\"><strong>Impatto positivo per tutti<\/strong><\/p>\n<p style=\"text-align: justify;\">Come dimostra l&#8217;esperienza, l&#8217;attuazione di un programma di benessere contribuisce al miglioramento su pi\u00f9 livelli:<\/p>\n<ul style=\"text-align: justify;\">\n<li><strong>Aumenta la produttivit\u00e0<\/strong>. Se un dipendente non sta bene, fisicamente o emotivamente, lavorer\u00e0 in modo meno efficiente. Esiste infatti una relazione diretta tra il livello di benessere e la produttivit\u00e0 complessiva.<\/li>\n<li><strong>Aumenta la qualit\u00e0 della vita del lavoratore<\/strong>. Perch\u00e9 essere sani ci aiuta a rafforzare i legami sociali.<\/li>\n<li><strong>Aumenta la creativit\u00e0<\/strong>. Fare esercizio fisico regolarmente non solo previene le malattie, ma aiuta anche il nostro sistema cardiaco a funzionare meglio, e questo ci aiuta a pensare pi\u00f9 chiaramente.<\/li>\n<li><strong>Riduce i costi.<\/strong> Condurre una vita sana riduce le assenze per malattia, l&#8217;assenteismo o il turnover del personale.<\/li>\n<li><strong>Migliora l&#8217;immagine dell&#8217;azienda<\/strong>. Ci\u00f2 \u00e8 di interesse per qualsiasi dipendente, attuale o potenziale. Si genera cos\u00ec un bene intangibile di grande valore<\/li>\n<\/ul>\n<p style=\"text-align: justify;\"><strong>Vaccinazione contro il Covid-19: una sfida alla responsabilit\u00e0<\/strong><\/p>\n<p style=\"text-align: justify;\">In questo momento, una delle principali preoccupazioni per la salute \u00e8 garantire la migliore protezione contro il coronavirus. Per promuovere la consapevolezza dell&#8217;importanza di partecipare alle campagne di vaccinazione promosse in ogni Paese, \u00e8 stata sviluppata l&#8217;iniziativa <strong>Codere protegido<\/strong> perch\u00e9, come ci ricorda <strong>Adolfo Gorj\u00f3n, direttore del Controllo Operativo di Qualit\u00e0 del dipartimento Personas<\/strong>, \u201csolo la somma degli sforzi riuscir\u00e0 a sconfiggere questo nemico invisibile che sembra non volersi arrendere. Ad oggi, l&#8217;unica soluzione che si \u00e8 dimostrata efficace \u00e8 il vaccino. Ci sono molte differenze in tutto il mondo in merito al numero di persone che sono gi\u00e0 state vaccinate, ma come azienda socialmente responsabile, possiamo solo accontentarci di garantire che il 100% della nostra forza lavoro sia vaccinata, non solo per se stessi, ma anche per ristabilire le nostre vite e recuperare, per quanto possibile, tutto ci\u00f2 che la pandemia ci ha tolto\u201d.<\/p>\n<p><a href=\"https:\/\/actualidad.codere.com\/wp-content\/uploads\/2023\/04\/SaludybienestarDatosIT.png\"><img loading=\"lazy\" decoding=\"async\" class=\" wp-image-14321\" src=\"https:\/\/actualidad.codere.com\/wp-content\/uploads\/2023\/04\/SaludybienestarDatosIT.png\" alt=\"embajada-espanola\" width=\"625\" height=\"408\" \/><\/a><\/p>\n<p style=\"text-align: justify;\">Ricorda che abbiamo un punto di condivisione nato durante la pandemia dove, oltre ad altri argomenti, condividiamo notizie sui vaccini e sul percorso verso la nuova normalit\u00e0. Se non lo hai ancora fatto, ti invitiamo a visitare <a href=\"https:\/\/enpositivo.codere.com\/NuevaNormalidad.html\">questa sezione QUI<\/a>.<\/p>\n<p><\/p>","protected":false},"excerpt":{"rendered":"<p>Ci spiace, ma questo articolo \u00e8 disponibile soltanto in Espa\u00f1ol.<\/p>\n","protected":false},"author":1,"featured_media":8371,"comment_status":"open","ping_status":"open","sticky":false,"template":"","format":"standard","meta":{"footnotes":""},"categories":[3],"tags":[],"class_list":["post-8366","post","type-post","status-publish","format-standard","has-post-thumbnail","hentry","category-somos-responsables"],"_links":{"self":[{"href":"https:\/\/actualidad.codere.com\/it\/wp-json\/wp\/v2\/posts\/8366","targetHints":{"allow":["GET"]}}],"collection":[{"href":"https:\/\/actualidad.codere.com\/it\/wp-json\/wp\/v2\/posts"}],"about":[{"href":"https:\/\/actualidad.codere.com\/it\/wp-json\/wp\/v2\/types\/post"}],"author":[{"embeddable":true,"href":"https:\/\/actualidad.codere.com\/it\/wp-json\/wp\/v2\/users\/1"}],"replies":[{"embeddable":true,"href":"https:\/\/actualidad.codere.com\/it\/wp-json\/wp\/v2\/comments?post=8366"}],"version-history":[{"count":1,"href":"https:\/\/actualidad.codere.com\/it\/wp-json\/wp\/v2\/posts\/8366\/revisions"}],"predecessor-version":[{"id":8370,"href":"https:\/\/actualidad.codere.com\/it\/wp-json\/wp\/v2\/posts\/8366\/revisions\/8370"}],"wp:featuredmedia":[{"embeddable":true,"href":"https:\/\/actualidad.codere.com\/it\/wp-json\/wp\/v2\/media\/8371"}],"wp:attachment":[{"href":"https:\/\/actualidad.codere.com\/it\/wp-json\/wp\/v2\/media?parent=8366"}],"wp:term":[{"taxonomy":"category","embeddable":true,"href":"https:\/\/actualidad.codere.com\/it\/wp-json\/wp\/v2\/categories?post=8366"},{"taxonomy":"post_tag","embeddable":true,"href":"https:\/\/actualidad.codere.com\/it\/wp-json\/wp\/v2\/tags?post=8366"}],"curies":[{"name":"wp","href":"https:\/\/api.w.org\/{rel}","templated":true}]}}