{"id":8383,"date":"2021-10-27T14:48:37","date_gmt":"2021-10-27T14:48:37","guid":{"rendered":"https:\/\/actualidad.codere.com\/2021\/10\/27\/no-a-la-violencia-contra-las-mujeres\/"},"modified":"2023-04-12T12:53:10","modified_gmt":"2023-04-12T12:53:10","slug":"no-a-la-violencia-contra-las-mujeres","status":"publish","type":"post","link":"https:\/\/actualidad.codere.com\/it\/2021\/10\/27\/no-a-la-violencia-contra-las-mujeres\/","title":{"rendered":"\u00a1NO alla violenza sulle donne!"},"content":{"rendered":"<p><\/p>\n<p style=\"text-align: justify;\"><a href=\"https:\/\/actualidad.codere.com\/wp-content\/uploads\/2023\/04\/violencia.png\"><img fetchpriority=\"high\" decoding=\"async\" class=\"size-medium wp-image-13453 alignleft\" src=\"https:\/\/actualidad.codere.com\/wp-content\/uploads\/2023\/04\/violencia.png\" alt=\"panama\" width=\"300\" height=\"168\" \/><\/a>I numeri sono il miglior indicatore per misurare la piaga sociale della violenza di genere. Secondo l&#8217;Agenzia mondiale della sanit\u00e0, raggiunge quasi <strong>736 milioni di donne in tutto il mondo.<\/strong><\/p>\n<p style=\"text-align: justify;\"><!--more--><\/p>\n<p><!--noteaser--><\/p>\n<p><a href=\"https:\/\/actualidad.codere.com\/wp-content\/uploads\/2023\/04\/violencia.png\"><img decoding=\"async\" class=\" wp-image-14321\" src=\"https:\/\/actualidad.codere.com\/wp-content\/uploads\/2023\/04\/violencia.png\" alt=\"embajada-espanola\" width=\"625\" height=\"408\" \/><\/a><\/p>\n<p style=\"text-align: justify;\"><strong>Madrid, 29 di ottobre 2021.-\u00a0<\/strong>I numeri sono il miglior indicatore per misurare la piaga sociale della violenza di genere. Secondo l&#8217;Agenzia mondiale della sanit\u00e0, raggiunge quasi\u00a0<strong>736 milioni di donne in tutto il mondo.<\/strong><\/p>\n<p style=\"text-align: justify;\">Alcuni aspetti di questa realt\u00e0 sono &#8220;normalizzati&#8221;, a causa del contesto sociale o delle radici culturali. A volte il problema viene semplicemente ovviato per \u201cindifferenza\u201d, o perch\u00e9 per noi \u00e8 una realt\u00e0 lontana. Questa \u00e8 senza dubbio una testimonianza del fatto che bisogna accrescere la coscienza sociale.<\/p>\n<p style=\"text-align: justify;\">I dati del 2020 delle Nazioni Unite mostrano anche quanto siamo lontani dallo sradicare la violenza di genere nel mondo che conosciamo:<\/p>\n<ul style=\"text-align: justify;\">\n<li>Nel 2020, il 35% delle donne ha subito violenza fisica o sessuale.<\/li>\n<li>14 dei 25 paesi con il pi\u00f9 alto tasso di femminicidi sono in America Latina o nei paesi caraibici.<\/li>\n<li>Circa 137 donne vengono uccise ogni giorno da un membro della propria famiglia.<\/li>\n<li>Il numero di chiamate ai programmi di aiuto a causa della violenza di genere \u00e8 quintuplicato in alcuni paesi durante la pandemia. Tuttavia, anche meno del 40% delle donne che subiscono violenza cerca aiuto.<\/li>\n<li>Nel 2020, quasi 50 paesi hanno sviluppato piani specifici per la prevenzione della violenza contro le donne durante la pandemia e 121 paesi hanno adottato misure per rafforzare i loro servizi di assistenza alle donne maltrattate.<\/li>\n<\/ul>\n<p style=\"text-align: justify;\"><strong>La data individuata nelle agende come simbolo della lotta alla violenza di genere.<\/strong><\/p>\n<p style=\"text-align: justify;\">Ogni 25 novembre il mondo commemora la <em>Giornata internazionale per l&#8217;eliminazione della violenza contro le donne,<\/em> una data dichiarata dalle Nazioni Unite in memoria delle sorelle Mirabal, assassinate nel 1960 per aver combattuto contro la dittatura di Rafael Le\u00f3nidas Trujillo nella Repubblica Domenicana.<\/p>\n<p style=\"text-align: justify;\">Dal 1981, nel giorno della loro morte in America Latina si celebra la lotta delle donne contro la violenza, con il primo incontro femminista dell\u2019 America Latina e dei Caraibi che si \u00e8 svolto a Bogot\u00e0 (Colombia). In questo incontro, le donne hanno denunciato gli abusi di genere che subiscono a livello domestico, cos\u00ec come lo stupro e le molestie sessuali da parte degli stati, comprese la tortura e la reclusione per motivi politici. Nel 1999 l&#8217;ONU l&#8217;ha dichiarata giornata internazionale.<\/p>\n<p style=\"text-align: justify;\"><strong>Il primo passo per fermare la violenza di genere \u00e8 &#8220;prenderne coscienza&#8221;<\/strong><\/p>\n<p style=\"text-align: justify;\">Codere, come azienda globale in cui convivono circa 11.000 dipendenti, di cui il 40% sono donne tra i 30-40 anni, non vive ignorando questa problem\u00e1tica.<\/p>\n<p style=\"text-align: justify;\">Per questo, i colleghi che si occupano di RSC sotto l\u2019aspetto dell\u2019integrazione, lanceranno presto la campagna di sensibilizzazione &#8220;<strong>La violenza non \u00e8 mai amore<\/strong>&#8220;, un impegno ambizioso per raggiungere il pubblico interno ed esterno dell&#8217;azienda al fine di \u00a0scuotere le coscienze contro la violenza di genere.<\/p>\n<p style=\"text-align: justify;\"><a href=\"https:\/\/actualidad.codere.com\/wp-content\/uploads\/2023\/04\/Imma.jpg\"><img decoding=\"async\" class=\"size-medium wp-image-21070 alignright\" src=\"https:\/\/actualidad.codere.com\/wp-content\/uploads\/2023\/04\/Imma.jpg\" alt=\"\" width=\"300\" height=\"200\" \/><\/a><\/p>\n<p style=\"text-align: justify;\">L&#8217;azienda si \u00e8 gi\u00e0 attivata in merito a questa problematica, soprattutto in Italia dove, dal 2015, la causa \u00e8 stata sostenuta con campagne come &#8220;<strong>Innam\u00f2rati di Te&#8221;,<\/strong> in cui Codere lancia iniziative &#8220;da e per&#8221; le donne, sensibilizzando le coscienze attraverso incontri tematici di riflessione nelle sale, attraverso conferenze e workshop, amplificando la dimensione umana dei diritti delle donne nelle sue diverse espressioni.<\/p>\n<p style=\"text-align: justify;\">Proprio lo scorso 22 ottobre Codere Italia ha presentato una nuova edizione di questo incontro, questa volta online, ricordando come, ancora una volta, le donne sono state tristemente protagoniste della violenza di genere durante la pandemia, avallando le conclusioni dell&#8217;ONU al riguardo, che sottolineano che l\u2019isolamento durante la pandemia ha provocato un incremento della violenza in casa, dando luogo cos\u00ec ad un&#8217;altra pandemia all&#8217;ombra della violenza contro donne e ragazze<\/p>\n<p style=\"text-align: justify;\"><strong>Per Imma Romano, Direttore Relazioni Istituzionali di Codere Italia<\/strong>, Il nuovo quadro della RSC aziendale \u00e8 una piattaforma perfetta in cui \u00a0far confluire \u00a0questo tipo di problematiche sociali e avvicinarle ai collaboratori e clienti del gruppo, trasferendo allo stesso tempo i nostri valori come azienda socialmente impegnata nelle aree in cui \u00a0\u00e8 presente, \u00a0nel rispetto dell&#8217;uguaglianza di genere e della diversit\u00e0 per una vera e matura integrazione\u201d.<\/p>\n<p style=\"text-align: justify;\">Inoltre, commenta Imma, &#8220;con questa campagna vogliamo sensibilizzare dipendenti e clienti sulla prevenzione della violenza di genere e sviluppare una cultura interna relativa al rispetto per le donne&#8221;.<\/p>\n<p style=\"text-align: justify;\">Nelle prossime settimane l&#8217;azienda lancer\u00e0 nelle sale diverse azioni ad alto impatto con i dipendenti, cosa che ci permetter\u00e0 di avvicinarci a questa realt\u00e0 e ricordarci \u2013pi\u00f9 che mai\u2013 che \u201cla violenza non \u00e8 mai amore\u201d.<\/p>\n<p style=\"text-align: justify;\"><a href=\"https:\/\/www.youtube.com\/watch?v=3_yZgRpKS50\">Accedi QUI<\/a> al video di presentazione della campagna \u201cInnam\u00f2rati di Te 2021\u201d (metti link relativo alla presentazione su youtube).<\/p>\n<p><\/p>","protected":false},"excerpt":{"rendered":"<p>Ci spiace, ma questo articolo \u00e8 disponibile soltanto in Espa\u00f1ol.<\/p>\n","protected":false},"author":1,"featured_media":8385,"comment_status":"open","ping_status":"open","sticky":false,"template":"","format":"standard","meta":{"footnotes":""},"categories":[3],"tags":[],"class_list":["post-8383","post","type-post","status-publish","format-standard","has-post-thumbnail","hentry","category-somos-responsables"],"_links":{"self":[{"href":"https:\/\/actualidad.codere.com\/it\/wp-json\/wp\/v2\/posts\/8383","targetHints":{"allow":["GET"]}}],"collection":[{"href":"https:\/\/actualidad.codere.com\/it\/wp-json\/wp\/v2\/posts"}],"about":[{"href":"https:\/\/actualidad.codere.com\/it\/wp-json\/wp\/v2\/types\/post"}],"author":[{"embeddable":true,"href":"https:\/\/actualidad.codere.com\/it\/wp-json\/wp\/v2\/users\/1"}],"replies":[{"embeddable":true,"href":"https:\/\/actualidad.codere.com\/it\/wp-json\/wp\/v2\/comments?post=8383"}],"version-history":[{"count":1,"href":"https:\/\/actualidad.codere.com\/it\/wp-json\/wp\/v2\/posts\/8383\/revisions"}],"predecessor-version":[{"id":8386,"href":"https:\/\/actualidad.codere.com\/it\/wp-json\/wp\/v2\/posts\/8383\/revisions\/8386"}],"wp:featuredmedia":[{"embeddable":true,"href":"https:\/\/actualidad.codere.com\/it\/wp-json\/wp\/v2\/media\/8385"}],"wp:attachment":[{"href":"https:\/\/actualidad.codere.com\/it\/wp-json\/wp\/v2\/media?parent=8383"}],"wp:term":[{"taxonomy":"category","embeddable":true,"href":"https:\/\/actualidad.codere.com\/it\/wp-json\/wp\/v2\/categories?post=8383"},{"taxonomy":"post_tag","embeddable":true,"href":"https:\/\/actualidad.codere.com\/it\/wp-json\/wp\/v2\/tags?post=8383"}],"curies":[{"name":"wp","href":"https:\/\/api.w.org\/{rel}","templated":true}]}}