{"id":8527,"date":"2022-01-31T16:00:14","date_gmt":"2022-01-31T16:00:14","guid":{"rendered":"https:\/\/actualidad.codere.com\/2022\/01\/31\/reflexiones-ante-una-nueva-etapa\/"},"modified":"2023-04-12T12:54:09","modified_gmt":"2023-04-12T12:54:09","slug":"reflexiones-ante-una-nueva-etapa","status":"publish","type":"post","link":"https:\/\/actualidad.codere.com\/it\/2022\/01\/31\/reflexiones-ante-una-nueva-etapa\/","title":{"rendered":"Riflessioni su una nuova tappa"},"content":{"rendered":"<p><\/p>\n<p style=\"text-align: justify;\"><a href=\"https:\/\/actualidad.codere.com\/wp-content\/uploads\/2023\/04\/ReflexionPandemia.png\"><img decoding=\"async\" class=\"size-medium wp-image-13453 alignleft\" src=\"https:\/\/actualidad.codere.com\/wp-content\/uploads\/2023\/04\/ReflexionPandemia.png\" alt=\"panama\" width=\"300\" height=\"168\"><\/a><\/p>\n<p style=\"text-align: justify;\">Il passaggio da un anno all\u2019altro \u00e8 un momento che invita soprattutto alla riflessione, al bilancio di ci\u00f2 che \u00e8 stato fatto e alla consapevolezza di ci\u00f2 che potrebbe essere migliorato, per poter acquisire nuovi impegni che portino ad una crescita ottimale.<\/p>\n<p style=\"text-align: justify;\"><!--more--><\/p>\n<p><!--noteaser--><\/p>\n<p><a href=\"https:\/\/actualidad.codere.com\/wp-content\/uploads\/2023\/04\/ReflexionPandemia.png\"><img loading=\"lazy\" decoding=\"async\" class=\" wp-image-14321\" src=\"https:\/\/actualidad.codere.com\/wp-content\/uploads\/2023\/04\/ReflexionPandemia.png\" alt=\"embajada-espanola\" width=\"625\" height=\"408\"><\/a><\/p>\n<p style=\"text-align: justify;\"><strong>Madrid, 1 febbraio 2022.-&nbsp;<\/strong>Il passaggio da un anno all\u2019altro \u00e8 un momento che invita soprattutto alla riflessione, al bilancio di ci\u00f2 che \u00e8 stato fatto e alla consapevolezza di ci\u00f2 che potrebbe essere migliorato, per poter acquisire nuovi impegni che portino ad una crescita ottimale.<\/p>\n<p style=\"text-align: justify;\">Una consuetudine per molti; anche per il nostro team direttivo &nbsp;che, in una riunione svoltasi prima di Natale, ha riconsiderato, tra l&#8217;altro, la gestione del gruppo di fronte al complesso scenario della pandemia.<\/p>\n<p style=\"text-align: justify;\"><strong>\u00bfCosa abbiamo fatto bene in questo anno?<\/strong><\/p>\n<p style=\"text-align: justify;\">Nel sollevare questo problema, tutti hanno concordato sul fatto che l&#8217;azienda \u00e8 stata in grado di prendersi cura delle sue persone sin dall&#8217;inizio, garantendone la sicurezza e comunicando gli eventi in modo trasparente.<\/p>\n<p style=\"text-align: justify;\">Siamo stati rapidi nell&#8217;implementazione del telelavoro, pensando alle nostre persone. Abbiamo fatto uno sforzo significativo per digitalizzare e rafforzare i nostri canali di comunicazione interna e, nonostante si sia stati fisicamente distanziati per mesi, abbiamo mantenuto il contatto e lo spirito di squadra.<\/p>\n<p style=\"text-align: justify;\">Abbiamo reagito rapidamente alle situazioni, nonostante fossero insolite, adattandoci in modo dinamico ed efficiente; rispettando le normative e mantenendo un equilibrio con tutti, in modo da non gravare in modo sproporzionato su nessun gruppo in particolare.<\/p>\n<p style=\"text-align: justify;\">Abbiamo anche dosato le nostre risorse economiche, gestendo i costi e allungando il pi\u00f9 possibile la cassa\u2026 insomma andando avanti con quello che avevamo e potevamo, mentre cercavamo una soluzione ai nostri problemi finanziari.<\/p>\n<p style=\"text-align: justify;\">E nel frattempo ci siamo adattati con agilit\u00e0 ed efficienza alle misure restrittive di ogni mercato, adeguando continuamente l&#8217;organizzazione al difficile contesto e cercando le alternative migliori per mantenere il nostro portafoglio di attivit\u00e0 quasi intatto.<\/p>\n<p style=\"text-align: justify;\">Inoltre, e nonostante la situazione richiedesse decisioni ferme e talvolta dolorose, siamo riusciti a stare dietro alle ulteriori difficolt\u00e0 che la crisi ha comportato per alcuni e abbiamo tutelato economicamente i nostri collaboratori, promuovendo azioni di solidariet\u00e0, sia tra i nostri team che con la collettivit\u00e0 pi\u00f9 vicina.<\/p>\n<p style=\"text-align: justify;\">Tutto questo, mantenendo la calma anche nei momenti pi\u00f9 stressanti.&nbsp;Senza arrendersi.&nbsp;Con determinazione, ottimismo, onest\u00e0, perseveranza e responsabilit\u00e0.&nbsp;Lavorando come un team unito e senza soluzione di continuit\u00e0.&nbsp;E mantenendo la credibilit\u00e0 e la fiducia dei nostri team.<\/p>\n<p style=\"text-align: justify;\"><strong>Cosa avremmo potuto fare di meglio?<\/strong><\/p>\n<p style=\"text-align: justify;\">Per trarre insegnamento dalle situazioni e poterne fare tesoro per il futuro, \u00e8 importante anche concentrarsi su quegli aspetti che il tempo dimostra che si sarebbero potuti affrontare meglio.<\/p>\n<p style=\"text-align: justify;\">La situazione ci ha sorpreso &nbsp;all\u2019improvviso e la mancanza di esperienza ci ha costretto a imparare strada facendo, mettendo in evidenza la mancanza di protocolli nel gruppo nell\u2019interrompere le attivit\u00e0 o la nostra mancanza di esperienza nel telelavoro.<\/p>\n<p style=\"text-align: justify;\">Anche se abbiamo fatto un grande sforzo per informare tutti con la massima trasparenza e rapidit\u00e0, questa fase ha coinciso con numerosi eventi finanziari e di business che non sono stati trasferiti bene ad alcuni team e che a volte non sono stati chiari nemmeno alla stampa.<\/p>\n<p style=\"text-align: justify;\">L&#8217;incertezza \u00e8 fonte di angoscia e debolezza personale e organizzativa e una migliore attenzione alla grave situazione che l&#8217;azienda stava attraversando, soprattutto in alcune unit\u00e0 di business, avrebbe probabilmente portato a una migliore comprensione delle decisioni che dovevano essere prese, oltre a rilevare casi di dipendenti in situazioni di estremo disagio.<\/p>\n<p style=\"text-align: justify;\">Ci siamo concentrati molto sul taglio dei costi, che era necessario e giusto. Ma avremmo potuto affrontare pi\u00f9 rapidamente la modalit\u00e0 di recupero delle entrate e dare priorit\u00e0 alle poche risorse disponibili. Avremmo anche potuto cogliere l&#8217;occasione per ripensare e trasformare il nostro business in modo pi\u00f9 profondo.<\/p>\n<p style=\"text-align: justify;\">Tra l\u2019altro, sebbene questa volta siamo riusciti a mantenere la coesione, l&#8217;impatto della pandemia -soprattutto nel nostro settore e per la nostra azienda- ha provocato una forte disgregazione tra i collaboratori. Ha comportato un notevole sforzo individuale, con un crollo della collaborazione e dell&#8217;alchimia\u2026 e con una perdita di talento dovuta al deflusso dei collaboratori.<\/p>\n<p style=\"text-align: justify;\">L&#8217;inquietudine ci fa talvolta prendere dal dramma e dal vittimismo e minimizza la nostra visione globale e lungimirante.&nbsp;L&#8217;obiettivit\u00e0 \u00e8 una virt\u00f9 da salvaguardare negli scenari pi\u00f9 sconvolgenti per garantire un miglior processo decisionale e maggior energia quando si agisce.&nbsp;Senza dubbio sono lezioni che porteremo con noi nella nostra nuova fase.<\/p>\n<p style=\"text-align: justify;\"><strong>Cosa abbiamo imparato da poter applicare nel futuro?<\/strong><\/p>\n<p style=\"text-align: justify;\">La pandemia ci lascia un grande insegnamento, ovvero che tutto pu\u00f2 cambiare dall&#8217;oggi al domani e che quindi \u00e8 vitale avere una capacit\u00e0 di adattamento dinamico e una risposta efficiente.<\/p>\n<p style=\"text-align: justify;\">Nel nostro caso, ci ha dimostrato ancora una volta, forse con pi\u00f9 incisivit\u00e0, che siamo un&#8217;organizzazione flessibile e che si sa evolvere interagendo con l&#8217;ambiente circostante; &nbsp;che non ci sono paradigmi incrollabili, che bisogna osare.&nbsp;Abbiamo saputo rompere i modelli storici, imparare e applicare la lezione sul momento.<\/p>\n<p style=\"text-align: justify;\">Ci siamo preparati per lavorare da remoto e proteggerci dalle sfide della tecnologia e della sicurezza che il lavoro da remoto comporta. Cosa che possiamo integrare nelle nostre dinamiche future e che ci consentir\u00e0 di migliorare ulteriormente la conciliazione tra vita professionale e vita privata.<\/p>\n<p style=\"text-align: justify;\">In molti paesi, la crisi \u00e8 servita a riadattare l&#8217;offerta di gioco alla sua dimensione reale, cosa che probabilmente durer\u00e0 per un po&#8217;; oltrech\u00e8 per raddoppiare e accelerare il nostro impegno per l&#8217;automatizziazone e la digitalizzazione, essenziali nella nuova realt\u00e0.<\/p>\n<p style=\"text-align: justify;\">Abbiamo imparato che concetti come unit\u00e0, fiducia, squadra o solidariet\u00e0 non sono parole vuote. Sono necessarie soprattutto nei momenti difficili, per superare le sfide. Ecco perch\u00e9 \u00e8 importante rafforzare il nostro senso di gruppo, il nostro orgoglio di appartenenza e l&#8217;impegno per il progetto comune.<\/p>\n<p style=\"text-align: justify;\">Ancora una volta \u00e8 emersa l&#8217;importanza di comunicare&#8230; e di prestare ascolto, al fine di ottenere empatia nel gruppo.&nbsp;E cio\u00e8 che&#8230; vogliamo ascoltarti!<\/p>\n<p style=\"text-align: justify;\">Scrivici e raccontaci qual \u00e8 la tua valutazione sulla performance del gruppo in relazione alla pandemia<\/p>\n<p style=\"text-align: justify;\">Puoi farlo <a href=\"mailto:comunicacioninterna.corporativa@codere.com\">QUI<\/a><\/p>\n<p><\/p>","protected":false},"excerpt":{"rendered":"<p>Ci spiace, ma questo articolo \u00e8 disponibile soltanto in Espa\u00f1ol.<\/p>\n","protected":false},"author":1,"featured_media":0,"comment_status":"open","ping_status":"open","sticky":false,"template":"","format":"standard","meta":{"footnotes":""},"categories":[3],"tags":[],"class_list":["post-8527","post","type-post","status-publish","format-standard","hentry","category-somos-responsables"],"_links":{"self":[{"href":"https:\/\/actualidad.codere.com\/it\/wp-json\/wp\/v2\/posts\/8527","targetHints":{"allow":["GET"]}}],"collection":[{"href":"https:\/\/actualidad.codere.com\/it\/wp-json\/wp\/v2\/posts"}],"about":[{"href":"https:\/\/actualidad.codere.com\/it\/wp-json\/wp\/v2\/types\/post"}],"author":[{"embeddable":true,"href":"https:\/\/actualidad.codere.com\/it\/wp-json\/wp\/v2\/users\/1"}],"replies":[{"embeddable":true,"href":"https:\/\/actualidad.codere.com\/it\/wp-json\/wp\/v2\/comments?post=8527"}],"version-history":[{"count":1,"href":"https:\/\/actualidad.codere.com\/it\/wp-json\/wp\/v2\/posts\/8527\/revisions"}],"predecessor-version":[{"id":8529,"href":"https:\/\/actualidad.codere.com\/it\/wp-json\/wp\/v2\/posts\/8527\/revisions\/8529"}],"wp:attachment":[{"href":"https:\/\/actualidad.codere.com\/it\/wp-json\/wp\/v2\/media?parent=8527"}],"wp:term":[{"taxonomy":"category","embeddable":true,"href":"https:\/\/actualidad.codere.com\/it\/wp-json\/wp\/v2\/categories?post=8527"},{"taxonomy":"post_tag","embeddable":true,"href":"https:\/\/actualidad.codere.com\/it\/wp-json\/wp\/v2\/tags?post=8527"}],"curies":[{"name":"wp","href":"https:\/\/api.w.org\/{rel}","templated":true}]}}