{"id":8570,"date":"2022-01-31T15:59:42","date_gmt":"2022-01-31T15:59:42","guid":{"rendered":"https:\/\/actualidad.codere.com\/2022\/01\/31\/editorial-31-de-enero\/"},"modified":"2023-04-12T12:54:26","modified_gmt":"2023-04-12T12:54:26","slug":"editorial-31-de-enero","status":"publish","type":"post","link":"https:\/\/actualidad.codere.com\/it\/2022\/01\/31\/editorial-31-de-enero\/","title":{"rendered":"Editoriale 1 febbraio"},"content":{"rendered":"<p><\/p>\n<p style=\"text-align: =justify;\"><a href=\"https:\/\/actualidad.codere.com\/wp-content\/uploads\/2023\/04\/VDLEDITORIALDEF.png\"><img decoding=\"async\" class=\"size-medium wp-image-14713 alignright\" src=\"https:\/\/actualidad.codere.com\/wp-content\/uploads\/2023\/04\/VDLEDITORIALDEF.png\" alt=\"VDL\" width=\"300\" height=\"225\"><\/a><\/p>\n<p style=\"text-align: justify; font-size: 14px; line-height: 18px;\">Abbiamo iniziato un anno che segna anche l\u2019avvio di una nuova fase in azienda. La ristrutturazione finanziaria del gruppo ha dato luogo alla continuit\u00e0 della nostra attivit\u00e0 con Nuova Codere (come abbiamo chiamato la nuova holding del Gruppo ) con i capitali e il supporto necessari per superare la crisi sanitaria e riprendere il nostro percorso di crescita.<\/p>\n<p style=\"text-align: justify;\"><!--more--><!--noteaser--><\/p>\n<p style=\"text-align: justify;\">Cari tutti,<\/p>\n<p style=\"text-align: justify;\">Abbiamo iniziato un anno che segna anche l\u2019avvio di una nuova fase in azienda. La ristrutturazione finanziaria del gruppo ha dato luogo alla continuit\u00e0 della nostra attivit\u00e0 con Nuova Codere (come abbiamo chiamato la nuova holding del Gruppo ) con i capitali e il supporto necessari per superare la crisi sanitaria e riprendere il nostro percorso di crescita.<\/p>\n<p style=\"text-align: justify;\">Il Consiglio ha recentemente proposto Christopher Bell come Presidente non esecutivo della nuova azienda, il che \u00e8 una buona notizia, perch\u00e9 con i suoi oltre tre decenni di esperienza nel settore dei giochi e delle scommesse sportive, potr\u00e0 apportare competenze preziose per il nostro &nbsp;passaggio in questa nuova fase . La proposta sar\u00e0 sottoposta alla ratifica dell&#8217;Assemblea degli Azionisti il \u200b\u200bprossimo 7 febbraio, quando sar\u00e0 definitivamente formato il nuovo Consiglio.<\/p>\n<p style=\"text-align: justify;\">Abbiamo concluso la revisione del nostro <em>Piano strategico<\/em> per i prossimi cinque anni, che a breve presenteremo ai nuovi consiglieri per loro discussione e approvazione, e rappresenter\u00e0 la nostra tabella di marcia al fine di cogliere al meglio le opportunit\u00e0 che il mercato e la nostra rafforzata posizione finanziaria ci offrono.<\/p>\n<p style=\"text-align: justify;\">I cambi di ciclo sono un ottimo momento per riconsiderare e integrare quanto si \u00e8 imparato. Un esercizio che abbiamo svolto anche a livelo dirigenziale, per iniziare questa nuova fase con una riflessione che ci permetta di crescere nel migliore dei modi. Ci siamo riuniti in Spagna, abbiamo fatto il punto sulla nostra gestione nel priodoo della pandemia, rendendoci conto che come gruppo abbiamo saputo essere flessibili ed efficienti nell&#8217;adattarci alla situazione, prendendoci cura dei nostri collaboratori fin dall&#8217;inizio, promuovendo il telelavoro e accompagnando con prontezza i cambiamenti con la digitalizzazione e sicurezza. Tuttavia, abbiamo anche capito che questi momenti difficili hanno intaccato l&#8217;energia e la coesione dei teams che in questa nuova fase devono essere ripristinate, e &nbsp;sicuramente a tal proposito, saranno molto utili le migliori prospettive di business e il proseguimento del nostro <em>Piano di Responsabilit\u00e0 Sociale per i dipendenti<\/em>, che aumenter\u00e0 il benessere organizzativo.<\/p>\n<p style=\"text-align: justify;\">E questa settimana salutiamo il nostro caro collega e CFO del gruppo \u00c1ngel Corzo, che dopo pi\u00f9 di 15 anni con noi e dopo aver cocncluso con successo l&#8217;arduo processo di ristrutturazione finanziaria, ha accettato un&#8217;importante offerta professionale, iniziando cos\u00ec un nuovo periodo lavorativo all&#8217;esterno l&#8217;azienda. Voglio approfittare di queste righe per condividere la mia gratitudine per il suo impegno e dedizione durante questo lungo periodo con noi e augurargli il meglio per il successo dei suoi progetti futuri.<\/p>\n<p style=\"text-align: justify;\">Gli succede ad interim Emilio Martinez, finora capo del team Tesoreria e Trasformazione, che lavorer\u00e0 per promuovere l&#8217;evoluzione dell\u2019area e la normalizzazione dell&#8217;azienda dopo l&#8217;emergenza sanitaria, e al quale diamo il benvenuto nel suo nuovo incarico.<\/p>\n<p style=\"text-align: right;\"><strong>Vicente Di Loreto, <\/strong><strong>direttore generale del Gruppo Codere<\/strong><\/p>\n<p style=\"text-align: right;\">(1 febbraio 2022)<\/p>\n<p><\/p>","protected":false},"excerpt":{"rendered":"<p>Ci spiace, ma questo articolo \u00e8 disponibile soltanto in Espa\u00f1ol.<\/p>\n","protected":false},"author":1,"featured_media":7457,"comment_status":"open","ping_status":"open","sticky":false,"template":"","format":"standard","meta":{"footnotes":""},"categories":[2],"tags":[],"class_list":["post-8570","post","type-post","status-publish","format-standard","has-post-thumbnail","hentry","category-desde-presidencia"],"_links":{"self":[{"href":"https:\/\/actualidad.codere.com\/it\/wp-json\/wp\/v2\/posts\/8570","targetHints":{"allow":["GET"]}}],"collection":[{"href":"https:\/\/actualidad.codere.com\/it\/wp-json\/wp\/v2\/posts"}],"about":[{"href":"https:\/\/actualidad.codere.com\/it\/wp-json\/wp\/v2\/types\/post"}],"author":[{"embeddable":true,"href":"https:\/\/actualidad.codere.com\/it\/wp-json\/wp\/v2\/users\/1"}],"replies":[{"embeddable":true,"href":"https:\/\/actualidad.codere.com\/it\/wp-json\/wp\/v2\/comments?post=8570"}],"version-history":[{"count":1,"href":"https:\/\/actualidad.codere.com\/it\/wp-json\/wp\/v2\/posts\/8570\/revisions"}],"predecessor-version":[{"id":8571,"href":"https:\/\/actualidad.codere.com\/it\/wp-json\/wp\/v2\/posts\/8570\/revisions\/8571"}],"wp:featuredmedia":[{"embeddable":true,"href":"https:\/\/actualidad.codere.com\/it\/wp-json\/wp\/v2\/media\/7457"}],"wp:attachment":[{"href":"https:\/\/actualidad.codere.com\/it\/wp-json\/wp\/v2\/media?parent=8570"}],"wp:term":[{"taxonomy":"category","embeddable":true,"href":"https:\/\/actualidad.codere.com\/it\/wp-json\/wp\/v2\/categories?post=8570"},{"taxonomy":"post_tag","embeddable":true,"href":"https:\/\/actualidad.codere.com\/it\/wp-json\/wp\/v2\/tags?post=8570"}],"curies":[{"name":"wp","href":"https:\/\/api.w.org\/{rel}","templated":true}]}}