{"id":8640,"date":"2022-03-31T08:06:11","date_gmt":"2022-03-31T08:06:11","guid":{"rendered":"https:\/\/actualidad.codere.com\/2022\/03\/31\/editorial-31-de-marzo\/"},"modified":"2023-04-12T12:55:12","modified_gmt":"2023-04-12T12:55:12","slug":"editorial-31-de-marzo","status":"publish","type":"post","link":"https:\/\/actualidad.codere.com\/it\/2022\/03\/31\/editorial-31-de-marzo\/","title":{"rendered":"Editoriale 1 aprile"},"content":{"rendered":"<p><\/p>\n<p style=\"text-align: =justify;\"><a href=\"https:\/\/actualidad.codere.com\/wp-content\/uploads\/2023\/04\/VDLEDITORIALDEF.png\"><img fetchpriority=\"high\" decoding=\"async\" class=\"size-medium wp-image-14713 alignright\" src=\"https:\/\/actualidad.codere.com\/wp-content\/uploads\/2023\/04\/VDLEDITORIALDEF.png\" alt=\"VDL\" width=\"300\" height=\"225\" \/><\/a><\/p>\n<p style=\"text-align: justify; font-size: 14px; line-height: 18px;\">Sono tanti gli eventi che da gennaio 2018, quando ho assunto la direzione del nostro gruppo, abbiamo condiviso in questo editoriale. Quattro anni, in cui oltre ad attuare il processo di trasformazione operativa in azienda, abbiamo intrapreso una ristrutturazione finanziaria; abbiamo dato vita e portato Codere Online al Nasdaq; abbiamo siglato importanti alleanze di sponsorizzazione e abbiamo rafforzato la nostra responsabilit\u00e0 sociale e la nostra cultura, solo per citare alcune delle pietre miliari rilevanti di questo periodo.<\/p>\n<p style=\"text-align: justify;\"><!--more--><!--noteaser--><\/p>\n<p style=\"text-align: justify;\">Cari tutti:<\/p>\n<p style=\"text-align: justify;\">La nostra azienda ha appena pubblicato i risultati 2021, che confermano la ripresa del nostro business dopo l&#8217;impatto della pandemia, con una crescita sostenibile che si riflette in ricavi di 291 milioni di euro nel quarto trimestre dell&#8217;anno, pari a quasi l&#8217;85% di quanto abbiamo generato prima della crisi sanitaria, nello stesso periodo del 2019<\/p>\n<p style=\"text-align: justify;\">Anche in termini di EBITDA si conferma la tendenza positiva di inizio anno, raggiungendo i 45 milioni di euro, con un margine del 15,5% per questo periodo, il pi\u00f9 alto dallo scoppio dell\u2019epidemia del coronavirus, che mostra i nostri sforzi in termini di efficienza.<\/p>\n<p style=\"text-align: justify;\">La nostra ripresa \u00e8 guidata da Spagna, Argentina, Panama e Colombia; anche dall&#8217;Italia, seppur con un impatto diferente dovuto all\u2019obbligatoriet\u00e0 del <em>Green Pass<\/em>; mentre in Messico la situazione economica del Paese si riflette sui nostri conti e l&#8217;attivit\u00e0 viene ripristinata un po&#8217; pi\u00f9 lentamente.<\/p>\n<p style=\"text-align: justify;\">Questo 2022 \u00e8 incoraggiante anche in termini di fatturazione, infatti tutte le nostre attivit\u00e0 sono aperte, mentre le misure restrittive sono state allentate in tutte le aree geografiche in cui siamo presenti. Pertanto, nonostante l&#8217;erosione del business dovuta alla variante Omicron a Inizio anno, continuiamo a vedere un miglioramento dei nostri risultati in tutte le unit\u00e0, quindi prevediamo di raggiungere i valori pre-pandemia entro la fine di quest&#8217;anno.<\/p>\n<p style=\"text-align: justify;\">Intravediamo la fine della crisi sanitaria dopo aver dato ancora una volta prova della nostra resilienza e capacit\u00e0 di adattamento come gruppo, avendo concluso con successo due importanti operazioni, come la ristrutturazione finanziaria e il lancio di Codere Online e con il nostro portafoglio di business intatto, un marchio rafforzato grazie alle nostre sponsorizzazioni e con una Nuova Codere in una buona posizione strategica, finanziaria e competitiva per riprendere il percorso di crescita.<\/p>\n<p style=\"text-align: justify;\">Per affrontare questa nuova fase con il massimo successo, continuiamo a rafforzare il nostro team diriettivo. Questo mese abbiamo avuto l\u2019inserimento di Antonio Zafra, come nuovo direttore dell&#8217;Area Legale e Compliance; e Fernando Pombo, in qualit\u00e0 di Direttore Strategia e Sviluppo del Business. Entrambi, con una rilevante esperienza nei rispettivi campi, di cui ora si avvarr\u00e0 il nostro gruppo, consolidando le capacit\u00e0 dell&#8217;azienda.<\/p>\n<p style=\"text-align: justify;\">Abbiamo inoltre iniziato la transizione organizzativa, cosicch\u00e9 Alberto Gonz\u00e1lez del Solar e Alejandro Rodino stanno gi\u00e0 subentrando in alcune delle mie funzioni esecutive, come c<em>o-managing directors<\/em> del nostro gruppo, fino al prossimo 1\u00ba luglio, quando occuperanno la posizione di Co CEOs. Alberto, con relazioni dirette da parte dei COOs e <em>regional managers<\/em>, e Alejandro, della direzione delle diverse aree funzionali e aziendali. Da quel momento, come gi\u00e0 annunciato, io continuer\u00f2 come consulente del team direttivo e membro del nostro Consiglio di amministrazione.<\/p>\n<p style=\"text-align: justify;\">Possiamo essere soddisfatti di come abbiamo gestito questo periodo difficile. Ancora una volta, l&#8217;azienda ha mostrato i suoi valori e le sue capacit\u00e0. E possiamo anche sentirci motivati, nella convinzione che la Nuovo Codere ha davanti a s\u00e9 un importante progetto di consolidamento e di crescita.<\/p>\n<p style=\"text-align: right;\">Cordiali saluti,<\/p>\n<p style=\"text-align: right;\"><strong>Vicente Di Loreto, <\/strong><strong>CEO del Gruppo Codere<\/strong><\/p>\n<p style=\"text-align: right;\">(1 aprile 2022)<\/p>\n<p><\/p>","protected":false},"excerpt":{"rendered":"<p>Ci spiace, ma questo articolo \u00e8 disponibile soltanto in Espa\u00f1ol.<\/p>\n","protected":false},"author":1,"featured_media":7457,"comment_status":"open","ping_status":"open","sticky":false,"template":"","format":"standard","meta":{"footnotes":""},"categories":[2],"tags":[],"class_list":["post-8640","post","type-post","status-publish","format-standard","has-post-thumbnail","hentry","category-desde-presidencia"],"_links":{"self":[{"href":"https:\/\/actualidad.codere.com\/it\/wp-json\/wp\/v2\/posts\/8640","targetHints":{"allow":["GET"]}}],"collection":[{"href":"https:\/\/actualidad.codere.com\/it\/wp-json\/wp\/v2\/posts"}],"about":[{"href":"https:\/\/actualidad.codere.com\/it\/wp-json\/wp\/v2\/types\/post"}],"author":[{"embeddable":true,"href":"https:\/\/actualidad.codere.com\/it\/wp-json\/wp\/v2\/users\/1"}],"replies":[{"embeddable":true,"href":"https:\/\/actualidad.codere.com\/it\/wp-json\/wp\/v2\/comments?post=8640"}],"version-history":[{"count":1,"href":"https:\/\/actualidad.codere.com\/it\/wp-json\/wp\/v2\/posts\/8640\/revisions"}],"predecessor-version":[{"id":8641,"href":"https:\/\/actualidad.codere.com\/it\/wp-json\/wp\/v2\/posts\/8640\/revisions\/8641"}],"wp:featuredmedia":[{"embeddable":true,"href":"https:\/\/actualidad.codere.com\/it\/wp-json\/wp\/v2\/media\/7457"}],"wp:attachment":[{"href":"https:\/\/actualidad.codere.com\/it\/wp-json\/wp\/v2\/media?parent=8640"}],"wp:term":[{"taxonomy":"category","embeddable":true,"href":"https:\/\/actualidad.codere.com\/it\/wp-json\/wp\/v2\/categories?post=8640"},{"taxonomy":"post_tag","embeddable":true,"href":"https:\/\/actualidad.codere.com\/it\/wp-json\/wp\/v2\/tags?post=8640"}],"curies":[{"name":"wp","href":"https:\/\/api.w.org\/{rel}","templated":true}]}}