{"id":8681,"date":"2022-05-03T07:05:22","date_gmt":"2022-05-03T07:05:22","guid":{"rendered":"https:\/\/actualidad.codere.com\/2022\/05\/03\/editorial-3-de-mayo\/"},"modified":"2023-04-12T12:55:30","modified_gmt":"2023-04-12T12:55:30","slug":"editorial-3-de-mayo","status":"publish","type":"post","link":"https:\/\/actualidad.codere.com\/it\/2022\/05\/03\/editorial-3-de-mayo\/","title":{"rendered":"Editoriale 3 maggio"},"content":{"rendered":"<p><\/p>\n<p style=\"text-align: =justify;\"><a href=\"https:\/\/actualidad.codere.com\/wp-content\/uploads\/2023\/04\/VDLEDITORIALDEF.png\"><img fetchpriority=\"high\" decoding=\"async\" class=\"size-medium wp-image-14713 alignright\" src=\"https:\/\/actualidad.codere.com\/wp-content\/uploads\/2023\/04\/VDLEDITORIALDEF.png\" alt=\"VDL\" width=\"300\" height=\"225\" \/><\/a><\/p>\n<p style=\"text-align: justify; font-size: 14px; line-height: 18px;\">Negli ultimi giorni abbiamo continuato a visitare le nostre aree geografiche insieme ai membri del Consiglio di Nuova Codere, per mostrare loro in profondit\u00e0 e sul campo la nostra attivit\u00e0 e continuare a rivedere il posizionamento strategico dell&#8217;azienda in ciascuna unit\u00e0. Molti di voi hanno avuto l&#8217;opportunit\u00e0 di entrare in contatto con loro, visto che li abbiamo accompagnati in Spagna, Italia, Messico e poi in Argentina e Uruguay.<\/p>\n<p style=\"text-align: justify;\"><!--more--><!--noteaser--><\/p>\n<p style=\"text-align: justify;\">Cari tutti:<\/p>\n<p style=\"text-align: justify;\">Negli ultimi giorni abbiamo continuato a visitare le nostre aree geografiche insieme ai membri del Consiglio di Nuova Codere, per mostrare loro in profondit\u00e0 e sul campo la nostra attivit\u00e0 e continuare a rivedere il posizionamento strategico dell&#8217;azienda in ciascuna unit\u00e0. Molti di voi hanno avuto l&#8217;opportunit\u00e0 di entrare in contatto con loro, visto che li abbiamo accompagnati in Spagna, Italia, Messico e poi in Argentina e Uruguay.<\/p>\n<p style=\"text-align: justify;\">In alcuni di questi incontri hanno avuto modo di conoscere i nostri team locali e visitare le nostre sale principali e le nostre risorse, di cui sono rimasti molto colpiti. Tali incontri si stanno anche dimostrando molto proficui in vista della chiusura del nostro piano di business. Dopo aver condiviso la nostra proposta con i nuovi amministratori, che \u00e8 stata molto ben accolta, ora stiamo lavorando per renderla pi\u00f9 aggressiva in termini di crescita e garantire che la nostra tabella di marcia soddisfi il potenziale del gruppo.<\/p>\n<p style=\"text-align: justify;\">Nei prossimi giorni presenteremo i risultati del primo trimestre dell&#8217;anno, che continuano a mostrare la ripresa dei nostri ricavi dopo la crisi, sperando di raggiungere i livelli del 2019 entro la fine dell&#8217;anno. Stiamo anche lavorando ai piani di formazione e sviluppo dei nostri team, e stiamo andando avanti in merito al piano di successione delle mie funzioni di CEO. La fase di stabilizzazione dell\u2019azienda si va cos\u00ec consolidando.<\/p>\n<p style=\"text-align: justify;\">Sebbene si intraveda la ripresa dalla pandemia, la Russia scuote nuovamente le fondamenta dell&#8217;ordine, con l&#8217;invasione dell&#8217;Ucraina e crimini di guerra di fronte ai quali la passivit\u00e0 non \u00e8 un&#8217;opzione. Il mondo si \u00e8 attivato e anche la nostra azienda vuole fare la sua parte, per questo abbiamo avviato diverse iniziative di aiuto che incoraggiano le donazioni e l&#8217;accoglienza dei rifugiati, al fine di collaborare con dipendenti e clienti di fronte a questa grave crisi umanitaria, rafforzando cos\u00ec il nostro impegno sociale.<\/p>\n<p style=\"text-align: justify;\">Congratulazioni in questo senso al team argentino, che \u00e8 stato appena premiato per la migliore strategia di responsabilit\u00e0 corporativa dell&#8217;America Latina, con il premio SAGSE. Senza dubbio, un importante riconoscimento e stimolo per il nostro impegno sociale.<\/p>\n<p style=\"text-align: right;\">Cordiali saluti,<\/p>\n<p style=\"text-align: right;\"><strong>Vicente Di Loreto, <\/strong><strong>CEO del Gruppo Codere<\/strong><\/p>\n<p style=\"text-align: right;\">(3 maggio 2022)<\/p>\n<p><\/p>","protected":false},"excerpt":{"rendered":"<p>Ci spiace, ma questo articolo \u00e8 disponibile soltanto in Espa\u00f1ol.<\/p>\n","protected":false},"author":1,"featured_media":7457,"comment_status":"open","ping_status":"open","sticky":false,"template":"","format":"standard","meta":{"footnotes":""},"categories":[2],"tags":[],"class_list":["post-8681","post","type-post","status-publish","format-standard","has-post-thumbnail","hentry","category-desde-presidencia"],"_links":{"self":[{"href":"https:\/\/actualidad.codere.com\/it\/wp-json\/wp\/v2\/posts\/8681","targetHints":{"allow":["GET"]}}],"collection":[{"href":"https:\/\/actualidad.codere.com\/it\/wp-json\/wp\/v2\/posts"}],"about":[{"href":"https:\/\/actualidad.codere.com\/it\/wp-json\/wp\/v2\/types\/post"}],"author":[{"embeddable":true,"href":"https:\/\/actualidad.codere.com\/it\/wp-json\/wp\/v2\/users\/1"}],"replies":[{"embeddable":true,"href":"https:\/\/actualidad.codere.com\/it\/wp-json\/wp\/v2\/comments?post=8681"}],"version-history":[{"count":1,"href":"https:\/\/actualidad.codere.com\/it\/wp-json\/wp\/v2\/posts\/8681\/revisions"}],"predecessor-version":[{"id":8682,"href":"https:\/\/actualidad.codere.com\/it\/wp-json\/wp\/v2\/posts\/8681\/revisions\/8682"}],"wp:featuredmedia":[{"embeddable":true,"href":"https:\/\/actualidad.codere.com\/it\/wp-json\/wp\/v2\/media\/7457"}],"wp:attachment":[{"href":"https:\/\/actualidad.codere.com\/it\/wp-json\/wp\/v2\/media?parent=8681"}],"wp:term":[{"taxonomy":"category","embeddable":true,"href":"https:\/\/actualidad.codere.com\/it\/wp-json\/wp\/v2\/categories?post=8681"},{"taxonomy":"post_tag","embeddable":true,"href":"https:\/\/actualidad.codere.com\/it\/wp-json\/wp\/v2\/tags?post=8681"}],"curies":[{"name":"wp","href":"https:\/\/api.w.org\/{rel}","templated":true}]}}