{"id":8715,"date":"2022-05-31T07:15:59","date_gmt":"2022-05-31T07:15:59","guid":{"rendered":"https:\/\/actualidad.codere.com\/2022\/05\/31\/editorial-31-de-mayo\/"},"modified":"2023-04-12T12:55:44","modified_gmt":"2023-04-12T12:55:44","slug":"editorial-31-de-mayo","status":"publish","type":"post","link":"https:\/\/actualidad.codere.com\/it\/2022\/05\/31\/editorial-31-de-mayo\/","title":{"rendered":"Editoriale 31 maggio"},"content":{"rendered":"<p><\/p>\n<p style=\"text-align: justify;\"><a href=\"https:\/\/actualidad.codere.com\/wp-content\/uploads\/2023\/04\/VDLEDITORIALDEF.png\"><img fetchpriority=\"high\" decoding=\"async\" class=\"size-medium wp-image-14713 alignright\" src=\"https:\/\/actualidad.codere.com\/wp-content\/uploads\/2023\/04\/VDLEDITORIALDEF.png\" alt=\"VDL\" width=\"300\" height=\"225\" \/><\/a><\/p>\n<p style=\"text-align: justify; font-size: 14px; line-height: 18px;\">Negli ultimi giorni abbiamo continuato a visitare le nostre aree geografiche insieme ai membri del Consiglio di Nuova Codere, per mostrare loro in profondit\u00e0 e sul campo la nostra attivit\u00e0 e continuare a rivedere il posizionamento strategico dell&#8217;azienda in ciascuna unit\u00e0. Molti di voi hanno avuto l&#8217;opportunit\u00e0 di entrare in contatto con loro, visto che li abbiamo accompagnati in Spagna, Italia, Messico e poi in Argentina e Uruguay.<\/p>\n<p style=\"text-align: justify;\"><!--more--><!--noteaser--><\/p>\n<p style=\"text-align: justify;\">Cari tutti:<\/p>\n<p style=\"text-align: justify;\">Questo mese abbiamo presentato i risultati del primo trimestre, che ancora una volta danno segnali di fiducia, poich\u00e9 il nostro gruppo continua il suo percorso di ripresa con una performance del business vicina ai livelli pre-pandemia e che speriamo torni alla normalit\u00e0 prima della fine dell&#8217;anno.<\/p>\n<p style=\"text-align: justify;\">Nonostante i venti contrari di gennaio, relativi alla variante \u00d3micron, i buoni ricavi di febbraio e marzo hanno portato il fatturato del trimestre a 294 milioni di euro, pi\u00f9 del doppio rispetto allo stesso periodo dell&#8217;anno precedente. Questo, insieme al nostro sforzo di contenimento dei costi, ci ha permesso di raggiungere un EBITDA di gruppo di 48,7 milioni di euro.<\/p>\n<p style=\"text-align: justify;\">Anche il business online ha presentato i suoi risultati, con un aumento dei ricavi su base annua del 24%, fino ai 25,5 milioni di euro, principalmente grazie alla spinta del Messico. La nuova azienda soddisfa i traguardi operativi fissati all&#8217;inizio dell&#8217;anno, con ottimi segnali di crescita in Messico e con la Spagna che torna ai livelli precedenti alle restrizioni di marketing entrate in vigore lo scorso anno.<\/p>\n<p style=\"text-align: justify;\">Ma il nostro lavoro non si riflette solo in queste cifre. Se poche settimane fa abbiamo ricevuto da SAGSE il premio per la migliore strategia di responsabilit\u00e0 sociale corporativa in America Latina, ora abbiamo di nuovo motivo di rallegrarci sapendo che il nostro marchio \u00e8 ancora una volta uno dei cento pi\u00f9 forti e preziosi in Spagna, secondo la prestigiosa classifica di Brand Finance. Un riconoscimento che concretizza i nostri sforzi nel marketing e nelle nostre importanti sponsorizzazioni sportive con Real Madrid C.F., River Plate e Rayados. E anche il tratto che tutti diamo a Codere, non \u00e8 che un riflesso dei nostri valori e della nostra cultura aziendale.<\/p>\n<p style=\"text-align: justify;\">\u00c8 quindi importante continuare a rafforzarla. In questa fase Lo facciamo attraverso il programma Modello Manageriale, con cui andremo ad evolvere la leadershi aziendale, approfondendo le principali funzioni da mettere in pratica nella nostra responsabilit\u00e0 quotidiana. Anche mantenendo insieme un ecosistema responsabile, di diversit\u00e0 e uguaglianza nel nostro gruppo.<\/p>\n<p style=\"text-align: justify;\">Infine, nel mese di maggio abbiamo vissuto una situazione complessa in Messico, dove il regolatore ha adottato alcuni criteri confusi e aggressivi, che hanno comportato la chiusura temporanea di diverse sale nel settore, tra cui alcune nostre sale. Il nostro team istituzionale \u00e8 riuscito a invertire la situazione, grazie ad una buona gestione che, facendo leva sul prestigio istituzionale della nostra azienda, ci ha permesso di tornare alla normalit\u00e0 e ha consentito al nostro business in messico di tornare al suo percorso di ripresa.<\/p>\n<p style=\"text-align: right;\">Un saluto cordiale,<\/p>\n<p style=\"text-align: right;\"><strong>Vicente Di Loreto, <\/strong><strong>CEO del Gruppo Codere<\/strong><\/p>\n<p style=\"text-align: right;\">(31 maggio 2022)<\/p>\n<p><\/p>","protected":false},"excerpt":{"rendered":"<p>Ci spiace, ma questo articolo \u00e8 disponibile soltanto in Espa\u00f1ol.<\/p>\n","protected":false},"author":1,"featured_media":7457,"comment_status":"open","ping_status":"open","sticky":false,"template":"","format":"standard","meta":{"footnotes":""},"categories":[2],"tags":[],"class_list":["post-8715","post","type-post","status-publish","format-standard","has-post-thumbnail","hentry","category-desde-presidencia"],"_links":{"self":[{"href":"https:\/\/actualidad.codere.com\/it\/wp-json\/wp\/v2\/posts\/8715","targetHints":{"allow":["GET"]}}],"collection":[{"href":"https:\/\/actualidad.codere.com\/it\/wp-json\/wp\/v2\/posts"}],"about":[{"href":"https:\/\/actualidad.codere.com\/it\/wp-json\/wp\/v2\/types\/post"}],"author":[{"embeddable":true,"href":"https:\/\/actualidad.codere.com\/it\/wp-json\/wp\/v2\/users\/1"}],"replies":[{"embeddable":true,"href":"https:\/\/actualidad.codere.com\/it\/wp-json\/wp\/v2\/comments?post=8715"}],"version-history":[{"count":1,"href":"https:\/\/actualidad.codere.com\/it\/wp-json\/wp\/v2\/posts\/8715\/revisions"}],"predecessor-version":[{"id":8716,"href":"https:\/\/actualidad.codere.com\/it\/wp-json\/wp\/v2\/posts\/8715\/revisions\/8716"}],"wp:featuredmedia":[{"embeddable":true,"href":"https:\/\/actualidad.codere.com\/it\/wp-json\/wp\/v2\/media\/7457"}],"wp:attachment":[{"href":"https:\/\/actualidad.codere.com\/it\/wp-json\/wp\/v2\/media?parent=8715"}],"wp:term":[{"taxonomy":"category","embeddable":true,"href":"https:\/\/actualidad.codere.com\/it\/wp-json\/wp\/v2\/categories?post=8715"},{"taxonomy":"post_tag","embeddable":true,"href":"https:\/\/actualidad.codere.com\/it\/wp-json\/wp\/v2\/tags?post=8715"}],"curies":[{"name":"wp","href":"https:\/\/api.w.org\/{rel}","templated":true}]}}