{"id":8735,"date":"2022-06-27T09:55:35","date_gmt":"2022-06-27T09:55:35","guid":{"rendered":"https:\/\/actualidad.codere.com\/2022\/06\/27\/la-diversidad-nos-hace-unicos\/"},"modified":"2023-04-12T12:55:55","modified_gmt":"2023-04-12T12:55:55","slug":"la-diversidad-nos-hace-unicos","status":"publish","type":"post","link":"https:\/\/actualidad.codere.com\/it\/2022\/06\/27\/la-diversidad-nos-hace-unicos\/","title":{"rendered":"La diversit\u00e0 ci rende unici"},"content":{"rendered":"<p><img fetchpriority=\"high\" decoding=\"async\" class=\"alignleft wp-image-22843\" src=\"https:\/\/actualidad.codere.com\/wp-content\/uploads\/2023\/04\/diversidad.png\" alt=\"\" width=\"300\" height=\"200\" \/><\/p>\n<p style=\"text-align: justify;\">In Codere sappiamo che un\u2019adeguata inclusione del diverso, unisce ed \u00e8 fonte di valore.<\/p>\n<p style=\"text-align: justify;\"><!--more--><\/p>\n<p><!--noteaser--><\/p>\n<p style=\"text-align: justify;\"><img decoding=\"async\" class=\"alignleft wp-image-22843 size-full\" src=\"https:\/\/actualidad.codere.com\/wp-content\/uploads\/2023\/04\/diversidad.png\" alt=\"\" width=\"1334\" height=\"888\" \/><\/p>\n<p style=\"text-align: justify;\"><strong>Madrid, 1 luglio 2022<\/strong>.-\u00a0 La diversit\u00e0 \u00e8 arricchente ed essenziale per la crescita del business, poich\u00e9 incoraggia l&#8217;integrazione dei talenti e la promozione di soluzioni di business innovative.<\/p>\n<p style=\"text-align: justify;\">In Codere siamo un team eterogeneo, unito nei principi e negli obiettivi. Fa parte della nostra cultura e del nostro valore. Gli oltre 10.600 dipendenti che compongono l&#8217;organizzazione sono diversi per genere (59% uomini e 41% donne), per nazionalit\u00e0 (ce ne sono 42 diverse nel gruppo), per credo religioso, orientamento sessuale, stile di vita, limiti, capacit\u00e0, eccetera.<\/p>\n<p style=\"text-align: justify;\">La diversit\u00e0 per\u00f2 non \u00e8 solo una realt\u00e0 all\u2019interno dell\u2019 azienda, ma anche un impegno che rafforziamo attraverso il nostro <em>Piano di Responsabilit\u00e0 Sociale Corporativa<\/em>, con l&#8217;obiettivo di creare un ambiente in cui tutti siano integrati, rispettati e valorizzati allo stesso modo.<\/p>\n<p style=\"text-align: justify;\">Per questo motivo, promuoviamo iniziative che incoraggiano la diversit\u00e0 come parte essenziale della nostra cultura. L&#8217;ultima di queste \u00e8 la nostra campagna <em>La diversit\u00e0 ci rende unici!,<\/em> con la quale questo mese abbiamo aderito alla celebrazione della giornata internazionale LGBTI Pride, dimostrando che Codere \u00e8 con le persone, indipendentemente dal loro status sessuale.<\/p>\n<h4 style=\"text-align: justify;\">Giornata Internazionale dell\u2019 LGBT Pride<\/h4>\n<p style=\"text-align: justify;\">Il 28 giugno si celebra in tutto il mondo la giornata \u00a0dell\u2019 LGBT Pride, \u00a0in commemorazione dei disordini avvenuti a Stonewall, New York, nel 1969.<\/p>\n<p style=\"text-align: justify;\">Quel giorno ha segnato l&#8217;inizio del movimento di liberazione omosessuale, dopo l&#8217;irruzione della polizia al pub gay Stonewall Inn e che si \u00e8 concluso con una rivolta durata tre notti, con lo scopo di non lasciarsi sopraffare dal sistema legale, di polizia e sociale, e che \u00e8 considerato il <em>big bang<\/em> della lotta per i diritti della comunit\u00e0 con diversit\u00e0 nel loro orientamento sessuale.<\/p>\n<p style=\"text-align: justify;\">Le attuali celebrazioni rivendicano tutto questo; il diritto di vivere liberamente l&#8217;orientamento sessuale e l&#8217;identit\u00e0 di genere, senza timore di rappresaglie o discriminazioni; dato che in molti paesi l&#8217;omosessualit\u00e0 e la condizione sessuale non tradizionale, continua a essere criminalizzata e\/o non accettata socialmente.<\/p>\n<h4 style=\"text-align: justify;\">Celebriamo la diversit\u00e0<\/h4>\n<p style=\"text-align: justify;\">Per commemorare questa data, l&#8217;azienda ha avviato diverse attivit\u00e0 di sensibilizzazione sull&#8217;importanza di normalizzare la diversit\u00e0 e riflettere sulle principali sfide e opportunit\u00e0 che il gruppo deve affrontare in un contesto lavorativo.<\/p>\n<p style=\"text-align: justify;\">Cos\u00ec, i dipendenti sono stati invitati a utilizzare una spilla multicolore e ad aggiungere alla firma della loro mail aziendale un segno distintivo di diversit\u00e0.<\/p>\n<p style=\"text-align: justify;\">Inoltre, il 28 giugno, \u00e8 stato organizzato l&#8217;evento &#8220;La roulette dei privilegi&#8221;. Grazie ad Alexa Fraimpark, i dipendenti del Gruppo Codere hanno assistito a questo evento, trasmesso da Panama, in cui si \u00e8 riflettuto sulla differenziazione &#8211; ed, eventualmente, sulla discriminazione,- che consiste nel godere di determinate caratteristiche personali o sociali, come avere un&#8217;istruzione superiore, essere di una determinata razza o etnia o disporre di determinati attributi sociali ed economici prestabiliti.<\/p>\n<p style=\"text-align: justify;\">Dal canto suo, il team di Codere Italia ha organizzato la giornata \u201cDiversit\u00e0, rispetto, differenze: come stare meglio insieme\u201d. Grazie al professor Lorenzo Gasparini, autore di diversi libri e studi dedicati a temi di genere rivolti al pubblico maschile, i partecipanti hanno avuto l&#8217;opportunit\u00e0 di conoscere il confine che esiste tra apprezzamenti, battute e comportamenti inappropriati, nonch\u00e9 quali sono le conseguenze sul lavoro di rapporti iniqui e il danno che il pregiudizio arreca al benessere organizzativo.<\/p>\n<p style=\"text-align: justify;\">Secondo <strong>Jorge Barreras, direttore della RSC dei dipendenti<\/strong>, &#8220;Dal 2021 abbiamo una rete LGBTI+ per sensibilizzare sull&#8217;importanza della diversit\u00e0 e dell&#8217;inclusione di questo gruppo all&#8217;interno dell\u2019azienda. Vogliamo che tutti i dipendenti, indipendentemente dal loro orientamento sessuale, possano sentirsi a proprio agio ed essere se stessi sul posto di lavoro. Per questo, viene promosso un ambiente inclusivo e rispettoso. Teniamo presente che, nel nostro Gruppo, per le attivit\u00e0 e le professioni che includiamo, il collettivo LGBTI+ \u00e8 numeroso e significativo. Soprattutto nelle aree operative. Ecco perch\u00e9 ci sembra importante avere un gruppo di lavoro che promuova l\u2019 accettazione della diversit\u00e0 sessuale in azienda. Perch\u00e9 la nostra forza sta nella differenza e la diversit\u00e0 ci rende unici\u201d.<\/p>\n<p style=\"text-align: justify;\">A queste azioni se ne aggiungono altre realizzate nel corso dell&#8217;anno, quali:<\/p>\n<ul style=\"text-align: justify;\">\n<li style=\"padding-bottom: 20px;\">Tre workshop, fino ad oggi, realizzati da COGAM in merito all\u2019LGTB+.<\/li>\n<li>Progettazione della formazione per <em>l&#8217;onboarding<\/em> in termini di inclusione e diversit\u00e0, con il supporto di <em>Bridge de gap.<\/em><\/li>\n<\/ul>\n<h4 style=\"text-align: justify;\">Inclusione, la forza che ci guida<\/h4>\n<p style=\"text-align: justify;\">Oltre a quanto detto sopra, la Direzione Corporativa di Personas, sviluppa da anni iniziative per l&#8217;inclusione. Tra queste, vale la pena sottolineare:<\/p>\n<ul style=\"text-align: justify;\">\n<li style=\"padding-bottom: 20px;\">La realizzazione di uno studio per conoscere, nei paesi in cui opera Codere, la situazione in materia di inclusione, sia a livello interno (presenza di collettivi nel l&#8217;organizzazione), sia esterno (quadro normativo, programmi di governo, ecc.).<\/li>\n<li style=\"padding-bottom: 20px;\">Sviluppo di workshop, con la partecipazione di relatori esterni, in materia di diversit\u00e0 LGBTI+, disabilit\u00e0 e inclusione professionale, genere e diversit\u00e0, formazione per i reclutatori nei processi di selezione delle persone con disabilit\u00e0.<\/li>\n<li style=\"padding-bottom: 20px;\">Collaborazione con le associazioni LGBTI+, partecipazione a conferenze e firma del documento sui principi contro la discriminazione. Inoltre, grazie ad \u00c1lvaro de Ansorena, direttore Corporativo di Personas; Deisy Li\u00f1\u00e1n, direttore del CEL di Personas di Panama e Colombia; e Juan Carlos Hernando, responsabile di Tecnologia di Personas, abbiamo partecipato all&#8217;evento Gablecon, organizzato da Procter&amp;Gamble.<\/li>\n<li style=\"padding-bottom: 20px;\">Definizione e diffusione del documento <em>Politiche di diversit\u00e0 e inclusione del gruppo Codere.<\/em><\/li>\n<li style=\"padding-bottom: 20px;\">Progettazione della guida alle migliori pratiche per la pubblicazione di offerte di lavoro che promuovano l&#8217;inclusione, la diversit\u00e0 e l&#8217;uguaglianza, insieme al decalogo di pubblicazione di offerte con linguaggio inclusivo, gi\u00e0 in uso in tutte le unit\u00e0 aziendali.<\/li>\n<li style=\"padding-bottom: 20px;\">Fornitura di un workshop rivolto ai PBPs per l\u2019assunzione di persone con disabilit\u00e0, il cui scopo \u00e8 quello di formare tutti i PBPs nel corso dell\u2019anno.<\/li>\n<li style=\"padding-bottom: 20px;\">Collaborazione con associazioni dedite a fornire opportunit\u00e0 professionali alle persone con disabilit\u00e0, nonch\u00e9 alle persone a rischio di esclusione.<\/li>\n<li style=\"padding-bottom: 20px;\">Negoziazione di servizi di portali per l\u2019impiego al fine reclutare persone con disabilit\u00e0. Si tratta di Incl\u00fayeme.com per l&#8217;Argentina e il Messico (con l\u2019intenzione di estenderlo a Colombia, Panama e Uruguay) e Disjob, per la Spagna e Corporativo. Attraverso Incl\u00fayeme.com, si realizzeranno sessioni di formazione, dirette ai PBPs, sull&#8217;uso e la gestione della disabilit\u00e0 nei processi di selezione.<\/li>\n<\/ul>\n<p style=\"text-align: justify;\">Integrazione nella <em>Politica di reclutamento e selezione del Gruppo Codere<\/em> del nostro impegno per l&#8217;inclusione.<\/p>\n<p><\/p>","protected":false},"excerpt":{"rendered":"<p>Ci spiace, ma questo articolo \u00e8 disponibile soltanto in Espa\u00f1ol.<\/p>\n","protected":false},"author":1,"featured_media":8719,"comment_status":"open","ping_status":"open","sticky":false,"template":"","format":"standard","meta":{"footnotes":""},"categories":[3],"tags":[],"class_list":["post-8735","post","type-post","status-publish","format-standard","has-post-thumbnail","hentry","category-somos-responsables"],"_links":{"self":[{"href":"https:\/\/actualidad.codere.com\/it\/wp-json\/wp\/v2\/posts\/8735","targetHints":{"allow":["GET"]}}],"collection":[{"href":"https:\/\/actualidad.codere.com\/it\/wp-json\/wp\/v2\/posts"}],"about":[{"href":"https:\/\/actualidad.codere.com\/it\/wp-json\/wp\/v2\/types\/post"}],"author":[{"embeddable":true,"href":"https:\/\/actualidad.codere.com\/it\/wp-json\/wp\/v2\/users\/1"}],"replies":[{"embeddable":true,"href":"https:\/\/actualidad.codere.com\/it\/wp-json\/wp\/v2\/comments?post=8735"}],"version-history":[{"count":1,"href":"https:\/\/actualidad.codere.com\/it\/wp-json\/wp\/v2\/posts\/8735\/revisions"}],"predecessor-version":[{"id":8737,"href":"https:\/\/actualidad.codere.com\/it\/wp-json\/wp\/v2\/posts\/8735\/revisions\/8737"}],"wp:featuredmedia":[{"embeddable":true,"href":"https:\/\/actualidad.codere.com\/it\/wp-json\/wp\/v2\/media\/8719"}],"wp:attachment":[{"href":"https:\/\/actualidad.codere.com\/it\/wp-json\/wp\/v2\/media?parent=8735"}],"wp:term":[{"taxonomy":"category","embeddable":true,"href":"https:\/\/actualidad.codere.com\/it\/wp-json\/wp\/v2\/categories?post=8735"},{"taxonomy":"post_tag","embeddable":true,"href":"https:\/\/actualidad.codere.com\/it\/wp-json\/wp\/v2\/tags?post=8735"}],"curies":[{"name":"wp","href":"https:\/\/api.w.org\/{rel}","templated":true}]}}