{"id":8742,"date":"2022-06-27T09:55:46","date_gmt":"2022-06-27T09:55:46","guid":{"rendered":"https:\/\/actualidad.codere.com\/2022\/06\/27\/editorial-30-de-junio\/"},"modified":"2023-04-12T12:55:57","modified_gmt":"2023-04-12T12:55:57","slug":"editorial-30-de-junio","status":"publish","type":"post","link":"https:\/\/actualidad.codere.com\/it\/2022\/06\/27\/editorial-30-de-junio\/","title":{"rendered":"Editoriale 1 luglio"},"content":{"rendered":"<p><\/p>\n<p style=\"text-align: justify;\"><a href=\"https:\/\/actualidad.codere.com\/wp-content\/uploads\/2023\/04\/VDLEDITORIALDEF.png\"><img fetchpriority=\"high\" decoding=\"async\" class=\"size-medium wp-image-14713 alignright\" src=\"https:\/\/actualidad.codere.com\/wp-content\/uploads\/2023\/04\/VDLEDITORIALDEF.png\" alt=\"VDL\" width=\"300\" height=\"225\" \/><\/a><\/p>\n<p style=\"text-align: justify;\">Mi commuove scrivere queste righe, le ultime da CEO del nostro gruppo. Ma tutto arriva,\u00a0 anche la fine della <u>transizione<\/u> che abbiamo annunciato a febbraio, visto che nei prossimi giorni lascer\u00f2 le funzioni esecutive, che ho svolto nella direzione della nostra azienda negli ultimi quattro anni e mezzo, in ottime mani, quelle di Alejandro Rodino e Alberto Gonz\u00e1lez del Solar, prossimi co-CEO di Codere.<\/p>\n<p style=\"text-align: justify;\"><!--more--><!--noteaser--><\/p>\n<p style=\"text-align: justify;\">Cari tutti:<\/p>\n<p style=\"text-align: justify;\">Mi commuove scrivere queste righe, le ultime da CEO del nostro gruppo. Ma tutto arriva,\u00a0 anche la fine della <u>transizione<\/u> che abbiamo annunciato a febbraio, visto che nei prossimi giorni lascer\u00f2 le funzioni esecutive, che ho svolto nella direzione della nostra azienda negli ultimi quattro anni e mezzo, in ottime mani, quelle di Alejandro Rodino e Alberto Gonz\u00e1lez del Solar, prossimi co-CEO di Codere.<\/p>\n<p style=\"text-align: justify;\">E arrivano anche le emozioni contrastanti, di entusiasmo per la nuova tappa personale e di nostalgia, guardando indietro e ricordando il valore di ci\u00f2 che tutti insieme abbiamo costruito in questo lasso di tempo.<\/p>\n<p style=\"text-align: justify;\">Insieme, siamo stati in grado di incarnare e rafforzare uno spirito di eccellenza, impegno, adattamento e coscienza di gruppo. Abbiamo superato gli ostacoli del percorso con una visione positiva, che ci ha aiutato a superarli con successo. E dopo una fase complicata, di cambiamenti sostanziali all&#8217;interno e all&#8217;esterno della nostra organizzazione, abbiamo risposto nel miglior modo possibile alle sfide, attivando le leve necessarie per uscirne rafforzati, portando cos\u00ec a termine con successo il rifinanziamento, sviluppando il nostro business digitale attraverso Codere Online e ottimizzando il nostro business. . E nonostante le sfide, oltre ad altri successi, abbiamo continuato a lavorare ogni giorno alla crescita dell&#8217;azienda e delle nostre persone, implementando il nostro progetto di trasformazione, spingendo \u00a0il nostro marchio con grandi sponsorizzazioni, intensificando la nostra responsabilit\u00e0 sociale e migliorando l&#8217;esperienza dei nostri dipendenti e clienti.<\/p>\n<p style=\"text-align: justify;\">E ora faccio questo passo indietro, continuando a far parte del nostro gruppo in una nuova posizione, quella di consulente senior del team direttivo e membro del nostro Consiglio; mentre la nostra azienda continua a fare i suoi passi avanti, con un nuovo <em>Piano di Business<\/em> il cui livello di ambizione in termini di crescita \u00e8 in via di definizione insieme al Consiglio.<\/p>\n<p style=\"text-align: justify;\">Siamo un team unito, resiliente e di talento, che lavora con impegno per fornire in modo responsabile emozioni e intrattenimento ai nostri clienti. In questo modo siamo in grado di essere un punto di riferimento nell&#8217;industria e restituirle la dignit\u00e0 che merita, contribuire alla ricchezza del nostro settore e al benessere delle nostre persone. Per questo sono orgoglioso di far parte di Codere e di essere stato in prima linea in questi anni. Spero di condividere questo orgoglio con voi, con la certezza che stiamo facendo un buon lavoro.<\/p>\n<p style=\"text-align: justify;\">Voglio condividere in queste righe il mio ringraziamento, per la vostra fiducia in me, e perch\u00e9 un&#8217;organizzazione in conclusione \u00e8 la somma dei suoi membri. Codere non sarebbe quello che \u00e8 senza la professionalit\u00e0, il coraggio e l&#8217;impegno di ciascuno di noi. Ringrazio anche il Consiglio, per aver creduto nella proposta di successione e nella squadra che abbiamo formato con Alberto e Alejandro, che in questi anni mi hanno accompagnato nel bene e nel male (come io accompagner\u00f2 loro). E un ringraziamento speciale a Rosa, che con il suo inestimabile impegno e calore ha reso pi\u00f9 sopportabili i momenti pi\u00f9 complicati.<\/p>\n<p style=\"text-align: justify;\">Ho sempre interpretato il mio ruolo di CEO come un lavoro al servizio dell&#8217;organizzazione, non come una posizione di privilegio. L&#8217;obiettivo principale che mi ha guidato \u00e8 stato che ciascuno dei membri dell&#8217;organizzazione potesse dare il meglio di s\u00e9 nel perseguimento dell&#8217;obiettivo comune. Sono soddisfatto di ci\u00f2 che abbiamo realizzato, nonostante le difficolt\u00e0 che abbiamo dovuto affrontare. Come si suol dire: \u201cci\u00f2 che non ti uccide, ti rende pi\u00f9 forte\u201d. Bene, eccoci qui!<\/p>\n<p style=\"text-align: justify;\">Ribadisco la mia enorme fiducia nei miei successori, Alberto e Alejandro, grandi amici, dopo aver lavorato insieme per quasi due decenni. Anche grandi esperti del settore e conosciuti all\u2019interno di Codere, con cui entrambi collaborano a stretto contatto, con responsabilit\u00e0 diverse, da pi\u00f9 di quindici anni. So che non possiamo continuare questo percorso, che gi\u00e0 mostra segnali di crescita, con una leadership migliore in prima linea. D&#8217;ora in poi saranno Alberto e Alejandro ad occuparsi anche di questo spazio editoriale, ma non senza prima offrire loro nuovamente il mio supporto e augurare il\u00a0 pi\u00f9 grande successo. A loro e a tutti voi. In ogni caso, questo non \u00e8 un addio, \u00e8 solo un nuovo modo di continuare il cammino insieme.<\/p>\n<p style=\"text-align: right;\">Un saluto cordiale,<\/p>\n<p style=\"text-align: right;\"><strong>Vicente Di Loreto, <\/strong><strong>CEO del Gruppo Codere<\/strong><\/p>\n<p style=\"text-align: right;\">(1 luglio 2022)<\/p>\n<p><\/p>","protected":false},"excerpt":{"rendered":"<p>Ci spiace, ma questo articolo \u00e8 disponibile soltanto in Espa\u00f1ol.<\/p>\n","protected":false},"author":1,"featured_media":7457,"comment_status":"open","ping_status":"open","sticky":false,"template":"","format":"standard","meta":{"footnotes":""},"categories":[2],"tags":[],"class_list":["post-8742","post","type-post","status-publish","format-standard","has-post-thumbnail","hentry","category-desde-presidencia"],"_links":{"self":[{"href":"https:\/\/actualidad.codere.com\/it\/wp-json\/wp\/v2\/posts\/8742","targetHints":{"allow":["GET"]}}],"collection":[{"href":"https:\/\/actualidad.codere.com\/it\/wp-json\/wp\/v2\/posts"}],"about":[{"href":"https:\/\/actualidad.codere.com\/it\/wp-json\/wp\/v2\/types\/post"}],"author":[{"embeddable":true,"href":"https:\/\/actualidad.codere.com\/it\/wp-json\/wp\/v2\/users\/1"}],"replies":[{"embeddable":true,"href":"https:\/\/actualidad.codere.com\/it\/wp-json\/wp\/v2\/comments?post=8742"}],"version-history":[{"count":1,"href":"https:\/\/actualidad.codere.com\/it\/wp-json\/wp\/v2\/posts\/8742\/revisions"}],"predecessor-version":[{"id":8743,"href":"https:\/\/actualidad.codere.com\/it\/wp-json\/wp\/v2\/posts\/8742\/revisions\/8743"}],"wp:featuredmedia":[{"embeddable":true,"href":"https:\/\/actualidad.codere.com\/it\/wp-json\/wp\/v2\/media\/7457"}],"wp:attachment":[{"href":"https:\/\/actualidad.codere.com\/it\/wp-json\/wp\/v2\/media?parent=8742"}],"wp:term":[{"taxonomy":"category","embeddable":true,"href":"https:\/\/actualidad.codere.com\/it\/wp-json\/wp\/v2\/categories?post=8742"},{"taxonomy":"post_tag","embeddable":true,"href":"https:\/\/actualidad.codere.com\/it\/wp-json\/wp\/v2\/tags?post=8742"}],"curies":[{"name":"wp","href":"https:\/\/api.w.org\/{rel}","templated":true}]}}