{"id":8770,"date":"2022-07-27T08:25:18","date_gmt":"2022-07-27T08:25:18","guid":{"rendered":"https:\/\/actualidad.codere.com\/2022\/07\/27\/editorial-29-de-julio\/"},"modified":"2023-04-12T12:56:10","modified_gmt":"2023-04-12T12:56:10","slug":"editorial-29-de-julio","status":"publish","type":"post","link":"https:\/\/actualidad.codere.com\/it\/2022\/07\/27\/editorial-29-de-julio\/","title":{"rendered":"Editoriale 29 luglio"},"content":{"rendered":"<p><\/p>\n<p style=\"text-align: justify;\"><a href=\"https:\/\/actualidad.codere.com\/wp-content\/uploads\/2019\/05\/VDLEDITORIALDEF.png\"><img fetchpriority=\"high\" decoding=\"async\" class=\"alignright wp-image-23125\" src=\"https:\/\/actualidad.codere.com\/wp-content\/uploads\/2023\/04\/editorial-codere-jul22-horizontal.png\" alt=\"\" width=\"300\" height=\"200\" \/><\/a><\/p>\n<p style=\"text-align: justify;\">Entrambi lavoriamo nel nostro gruppo da pi\u00f9 di quindici anni ed \u00e8 ora la prima volta che ci rivolgiamo a tutti voi e in questo nuovo ruolo di Co-Ceo di Codere!<\/p>\n<p style=\"text-align: justify;\"><!--more--><!--noteaser--><\/p>\n<p style=\"text-align: justify;\">Cari tutti,<\/p>\n<p style=\"text-align: justify;\">Entrambi lavoriamo nel nostro gruppo da pi\u00f9 di quindici anni ed \u00e8 ora la prima volta che ci rivolgiamo a tutti voi e in questo nuovo ruolo di Co-Ceo di Codere! Con il completamento del piano di successione del nostro Direttore Generale, annunciato a febbraio, ci assumiamo questa nuova responsabilit\u00e0 con grande entusiasmo e impegno.<\/p>\n<p style=\"text-align: justify;\">I nostri ringraziamenti ai consiglieri e agli azionisti dell\u2019azienda per il loro supporto, e in particolare a Vicente Di Loreto, non solo predecessore nella carica ma anche collega e amico, per la sua piena fiducia in noi e l&#8217;encomiabile lavoro alla guida di Codere nel corso degli ultimi quattro anni e mezzo.<\/p>\n<p style=\"text-align: justify;\">Come sappiamo, in questo periodo abbiamo dovuto affrontare molteplici crisi, e grazie all&#8217;impegno di tutto il team dirigenziale, insieme alla guida di Vicente, lo abbiamo fatto nel modo pi\u00f9 efficace possibile. Ma non solo siamo riusciti a superare queste tempeste, mantenendo intatto il nostro portafoglio di attivit\u00e0, ma siamo stati anche in grado di promuovere la creazione del nostro team <em>online<\/em>, oggi una societ\u00e0, Codere Online, quotata al Nasdaq e con un importante piano di espansione in America Latina. Abbiamo implementato un ambizioso Piano di Trasformazione che ci ha permesso di rafforzare la nostra cultura, ottimizzare la nostra struttura, ridurre i costi e rafforzare le nostre capacit\u00e0. Abbiamo intensificato il nostro lavoro di Marketing, e oggi siamo un marchio pi\u00f9 solido e conosciuto nei nostri mercati, con importanti sponsorizzazioni che guidano il nostro progetto; e, tra le tante altre conquiste, abbiamo rafforzato la nostra responsabilit\u00e0 sociale, sia con il nostro pubblico esterno che all\u2019interno di Codere.<\/p>\n<p style=\"text-align: justify;\">Prendiamo ora le redini di una Codere ben posizionata per poter valutare il contesto, con la speranza di continuare il lavoro di Vicente, che continuer\u00e0 ad accompagnarci nel suo nuovo ruolo. Il contesto macroeconomico \u00e8 ora diverso, moderatamente favorevole, ma ancora sfidante in Messico e con rischi di recessione in Europa; e sebbene abbiamo davanti a noi alcune sfide normative e una crescente concorrenza, il nostro obiettivo \u00e8 recuperare i livelli pre-covid nei prossimi mesi e riprendere il percorso di crescita del business.<\/p>\n<p style=\"text-align: justify;\">Abbiamo scritto questo editoriale insieme, perch\u00e9 \u00e8 cos\u00ec che abbiamo lavorato fino ad ora, come una squadra, ed \u00e8 cos\u00ec che abbiamo assunto questo nuovo ruolo. Perch\u00e9 \u00e8 anche attraverso l&#8217;impegno comune, con responsabilit\u00e0, dedizione e vocazione all\u2019eccellenza di gruppo, che pensiamo di poter portare la nostra azienda al potenziale offerto dal mercato.<\/p>\n<p style=\"text-align: justify;\">Siamo in un momento di discussione costruttiva con i nostri consiglieri e azionisti, per creare una visione comune e capire a cosa dobbiamo mirare nei prossimi anni per poter poi concentrare lo sforzo, sia finanziario che umano. Questo ci permetter\u00e0 di concretizzare i nostri progetti di crescita, e alla fine di questo processo potremo considerare conclusa la nostra tabella di marcia per i prossimi anni, che sicuramente contempler\u00e0 un particolare impulso al business nei nostri mercati chiave come Spagna e Messico, e a Codere Online.<\/p>\n<p style=\"text-align: justify;\">Per fare questo, tra le altre cose, continueremo a sviluppare il nostro grande vantaggio competitivo, la strategia omnicanale; rafforzeremo le nostre capacit\u00e0 attraverso un ambizioso piano di digitalizzazione; ottimizzeremo la struttura del nostro marchio, lavoreremo per trattenere e attrarre talenti e miglioreremo il nostro servizio clienti attraverso un &#8220;Programma di eccellenza operativa&#8221;.<\/p>\n<p style=\"text-align: justify;\">Per questo contiamo su tutti voi. Grazie per la vostra fiducia e per aver reso Codere, con la vostra motivazione, impegno e sforzo, un&#8217;azienda leader, con un passato di cui essere orgogliosi e un grande futuro davanti.<\/p>\n<p style=\"text-align: right;\">Affettuosamente,<\/p>\n<p style=\"text-align: right;\"><strong>Alejandro Rodino e Alberto Gonz\u00e1lez del Solar<\/strong><\/p>\n<p style=\"text-align: right;\">Co-CEOs del Gruppo Codere<\/p>\n<p style=\"text-align: right;\">(29 luglio 2022)<\/p>\n<p><\/p>","protected":false},"excerpt":{"rendered":"<p>Ci spiace, ma questo articolo \u00e8 disponibile soltanto in Espa\u00f1ol.<\/p>\n","protected":false},"author":1,"featured_media":8771,"comment_status":"open","ping_status":"open","sticky":false,"template":"","format":"standard","meta":{"footnotes":""},"categories":[2],"tags":[],"class_list":["post-8770","post","type-post","status-publish","format-standard","has-post-thumbnail","hentry","category-desde-presidencia"],"_links":{"self":[{"href":"https:\/\/actualidad.codere.com\/it\/wp-json\/wp\/v2\/posts\/8770","targetHints":{"allow":["GET"]}}],"collection":[{"href":"https:\/\/actualidad.codere.com\/it\/wp-json\/wp\/v2\/posts"}],"about":[{"href":"https:\/\/actualidad.codere.com\/it\/wp-json\/wp\/v2\/types\/post"}],"author":[{"embeddable":true,"href":"https:\/\/actualidad.codere.com\/it\/wp-json\/wp\/v2\/users\/1"}],"replies":[{"embeddable":true,"href":"https:\/\/actualidad.codere.com\/it\/wp-json\/wp\/v2\/comments?post=8770"}],"version-history":[{"count":1,"href":"https:\/\/actualidad.codere.com\/it\/wp-json\/wp\/v2\/posts\/8770\/revisions"}],"predecessor-version":[{"id":8772,"href":"https:\/\/actualidad.codere.com\/it\/wp-json\/wp\/v2\/posts\/8770\/revisions\/8772"}],"wp:featuredmedia":[{"embeddable":true,"href":"https:\/\/actualidad.codere.com\/it\/wp-json\/wp\/v2\/media\/8771"}],"wp:attachment":[{"href":"https:\/\/actualidad.codere.com\/it\/wp-json\/wp\/v2\/media?parent=8770"}],"wp:term":[{"taxonomy":"category","embeddable":true,"href":"https:\/\/actualidad.codere.com\/it\/wp-json\/wp\/v2\/categories?post=8770"},{"taxonomy":"post_tag","embeddable":true,"href":"https:\/\/actualidad.codere.com\/it\/wp-json\/wp\/v2\/tags?post=8770"}],"curies":[{"name":"wp","href":"https:\/\/api.w.org\/{rel}","templated":true}]}}