{"id":8773,"date":"2022-07-27T08:25:20","date_gmt":"2022-07-27T08:25:20","guid":{"rendered":"https:\/\/actualidad.codere.com\/2022\/07\/27\/inclusion-la-apuesta-que-nos-diferencia\/"},"modified":"2023-04-12T12:56:11","modified_gmt":"2023-04-12T12:56:11","slug":"inclusion-la-apuesta-que-nos-diferencia","status":"publish","type":"post","link":"https:\/\/actualidad.codere.com\/it\/2022\/07\/27\/inclusion-la-apuesta-que-nos-diferencia\/","title":{"rendered":"Inclusione, la scommessa che ci differenzia"},"content":{"rendered":"<p><img fetchpriority=\"high\" decoding=\"async\" class=\"alignleft wp-image-22843\" src=\"https:\/\/actualidad.codere.com\/wp-content\/uploads\/2023\/04\/inclusion-2.png\" alt=\"\" width=\"300\" height=\"200\" \/><\/p>\n<p style=\"text-align: justify;\">Un gruppo in cui tutti abbiamo risorse o capacit\u00e0 diverse, ma le stesse opportunit\u00e0.<\/p>\n<p style=\"text-align: justify;\"><!--more--><\/p>\n<p><!--noteaser--><\/p>\n<p style=\"text-align: justify;\"><img decoding=\"async\" class=\"alignleft wp-image-22843 size-full\" src=\"https:\/\/actualidad.codere.com\/wp-content\/uploads\/2023\/04\/inclusion-2.png\" alt=\"\" width=\"1334\" height=\"888\" \/><\/p>\n<p style=\"text-align: justify;\"><strong>Madrid, 29 luglio 2022<\/strong>.- Una disabilit\u00e0 \u00e8 solo una particolarit\u00e0 di una persona, non definisce un&#8217;identit\u00e0. Per questo, nella nostra organizzazione non selezioniamo i talenti sulla base di un profilo specifico, ma ci concentriamo sulle capacit\u00e0 professionali, attitudini e valori di ogni individuo<\/p>\n<p style=\"text-align: justify;\">Poich\u00e9 il talento non ha etichette, in Codere promuoviamo una cultura aperta, che rifletta la realt\u00e0 sociale e che aumenti la nostra competitivit\u00e0. Vogliamo attrarre e integrare i migliori, indipendentemente dall&#8217;et\u00e0, dal sesso, dall&#8217;origine o dalla disabilit\u00e0.<\/p>\n<h4 style=\"text-align: justify;\"><strong>Fondazione Prodis: il valore della formazione<\/strong><\/h4>\n<p style=\"text-align: justify;\">Un esempio del nostro impegno \u00e8 la recente collaborazione con Fundaci\u00f3n Prodis, dedicata al sostegno delle persone con disabilit\u00e0 intellettiva, con l&#8217;obiettivo di migliorare la loro qualit\u00e0 di vita, aiutandole nel loro sviluppo personale, inclusione sociale e lavorativa.<\/p>\n<p style=\"text-align: justify;\">Di recente, con <strong>Fanny P\u00e9rez, Direttore corporativo della sicurezza delle informazioni e dei rischi tecnologici, e Jon\u00e1s Oficialdegui, Direttore del controllo di gestione in Spagna,<\/strong> abbiamo partecipato come relatori al programma avanzato &#8220;Business Master&#8221; di Prodis, collegato all&#8217;UAM. Si tratta del primo Master rivolto a persone con disabilit\u00e0 intellettiva che desiderano ricevere una formazione pi\u00f9 specifica sul mondo imprenditoriale, o desiderano riqualificarsi per adattarsi a un nuovo ambiente di lavoro. In questo master, la formazione teorica \u00e8 accompagnata dalla pratica.<\/p>\n<p style=\"text-align: justify;\">Secondo Jon\u00e1s Oficialdegui \u201cper noi \u00e8 stata una grande opportunit\u00e0 insegnare nelle <em>masterclasses<\/em>. Formatori, direttore del programma e studenti, sono d&#8217;accordo sul fatto che sia un&#8217;esperienza molto positiva, con un grande coinvolgimento da parte dei partecipanti\u201d.<\/p>\n<h4 style=\"text-align: justify;\"><strong>Ippodromo, corsa per un ambiente di lavoro inclusivo<\/strong><\/h4>\n<p style=\"text-align: justify;\">Nemmeno le risorse economiche devono costituire un limite allo sviluppo del nostro talento potenziale. La nostra organizzazione si impegna anche con le persone che hanno poche disponibilit\u00e0.<\/p>\n<p style=\"text-align: justify;\">Cos\u00ec, per offrire ai giovani un futuro lavorativo, i nostri ippodromi hanno organizzato le scuole di fantini, dove vengono formate,non solo in materia di ippica ma anche accademica, persone che hanno un basso reddito<\/p>\n<p style=\"text-align: justify;\">\u00c8 il caso <a href=\"https:\/\/actualidad.codere.com\/it\/2022\/06\/27\/reemplazo-garantizado-en-la-hipica\/\"><u>dell&#8217;Accademia Tecnica di Formazione per fantini &#8220;Laffit Pincay Jr.&#8221;<\/u><\/a>, di cui abbiamo parlato nel numero precedente di Codere Actualidad. un centro educativo nato nel 2009 nell&#8217;ippodromo Presidente Rem\u00f3n, \u00e8 la &#8220;culla dei migliori <em>jockeys<\/em> del mondo&#8221;, e in essa i futuri fantini ricevono una formazione di qualit\u00e0, che contribuisce a migliorare la loro vita.<\/p>\n<p style=\"text-align: justify;\">Ma non \u00e8 solo questo. I nostri ippodromi Presidente Rem\u00f3n e Maro\u00f1as offrono opzioni a quei professionisti che, per motivi diversi, non potranno continuare la loro carriera sportiva in a cavallo.<\/p>\n<p style=\"text-align: justify;\">Questo \u00e8 il caso di <strong>Henry Barria<\/strong>, istruttore dell\u2019Accademia Laffit Pincay Jr e assistente del giudice di paddock. Ha iniziato la sua carriera nel 96, presso la scuola di fantini di Panama. Un anno dopo il suo debutto, ha ottenuto il riconoscimento di &#8220;Apprendista Fantino dell&#8217;anno&#8221;.<\/p>\n<p style=\"text-align: justify;\"><img decoding=\"async\" class=\"alignleft wp-image-23088\" src=\"https:\/\/actualidad.codere.com\/wp-content\/uploads\/2023\/04\/henry-barria.png\" alt=\"\" width=\"180\" height=\"180\" \/>Nel 2005, mentre svolgeva compiti quotidiani con l&#8217;esemplare Neutron Lie, questo gli caus\u00f2 una frattura alla gamba sinistra che lo costrinse a stare in convalescenza per quasi due anni. Nel 2006 \u00e8 stato nominato istruttore e da allora insegna pratica professionale, educazione fisica e tecnica avanzata. Inoltre, nel 2011, grazie alla sua enorme dedizione e responsabilit\u00e0, \u00e8 stato nominato assistente del giudice di Paddock, ruolo che ha ancora oggi.<\/p>\n<p style=\"text-align: justify;\">Secondo <strong>Henry Barr\u00eda<\/strong>, \u201cil mestiere del fantino comporta dei rischi, ed \u00e8 fondamentale non cedere a nessuna difficolt\u00e0. Dio d\u00e0 nuove opportunit\u00e0, la vita non finisce. La disabilit\u00e0 non \u00e8 un ostacolo\u201d<\/p>\n<p style=\"text-align: justify;\"><img loading=\"lazy\" decoding=\"async\" class=\"alignright wp-image-23089\" src=\"https:\/\/actualidad.codere.com\/wp-content\/uploads\/2023\/04\/henry-zapata.png\" alt=\"\" width=\"180\" height=\"180\" \/>Invece <strong>Henry Zapata<\/strong> \u00e8 entrato a far parte dell&#8217;Accademia dei fantini nel 1992, vincendo vari Classici e Handicap negli anni successivi. Nel 1996, durante la competizione all&#8217;ippodromo Presidente, una cavalla \u00e8 caduta in pista, facendo cadere nel bel mezzo della gara Henry, che ha riportato la frattura di tre vertebre, \u00a0lesioni al midollo spinale e, di conseguenza, perdita della mobilit\u00e0 di gambe e mani . Dopo anni di dure sessioni di terapia, \u00e8 riuscito a recuperare la mobilit\u00e0 delle mani ed \u00e8 tornato all&#8217;Ippodromo Presidente Rem\u00f3n come operatore <em>vendite\/ pagamenti<\/em> negli ultimi 23 anni di professione, in cui si definisce responsabile, puntuale e dedicato. Secondo lui, &#8220;la vita cambia in pochi secondi. Bisogna godersela e viverla senza permettere a niente e nessuno di fermarti&#8221;.<\/p>\n<p style=\"text-align: justify;\">In Codere vogliamo crescere e costruire un\u2019azienda migliore per tutti, e lo facciamo insieme a una forza lavoro diversificata, unita dal desiderio di sviluppare il nostro potenziale, sulla base dei nostri valori.<\/p>\n<p><\/p>","protected":false},"excerpt":{"rendered":"<p>Ci spiace, ma questo articolo \u00e8 disponibile soltanto in Espa\u00f1ol.<\/p>\n","protected":false},"author":1,"featured_media":0,"comment_status":"open","ping_status":"open","sticky":false,"template":"","format":"standard","meta":{"footnotes":""},"categories":[3],"tags":[],"class_list":["post-8773","post","type-post","status-publish","format-standard","hentry","category-somos-responsables"],"_links":{"self":[{"href":"https:\/\/actualidad.codere.com\/it\/wp-json\/wp\/v2\/posts\/8773","targetHints":{"allow":["GET"]}}],"collection":[{"href":"https:\/\/actualidad.codere.com\/it\/wp-json\/wp\/v2\/posts"}],"about":[{"href":"https:\/\/actualidad.codere.com\/it\/wp-json\/wp\/v2\/types\/post"}],"author":[{"embeddable":true,"href":"https:\/\/actualidad.codere.com\/it\/wp-json\/wp\/v2\/users\/1"}],"replies":[{"embeddable":true,"href":"https:\/\/actualidad.codere.com\/it\/wp-json\/wp\/v2\/comments?post=8773"}],"version-history":[{"count":1,"href":"https:\/\/actualidad.codere.com\/it\/wp-json\/wp\/v2\/posts\/8773\/revisions"}],"predecessor-version":[{"id":8776,"href":"https:\/\/actualidad.codere.com\/it\/wp-json\/wp\/v2\/posts\/8773\/revisions\/8776"}],"wp:attachment":[{"href":"https:\/\/actualidad.codere.com\/it\/wp-json\/wp\/v2\/media?parent=8773"}],"wp:term":[{"taxonomy":"category","embeddable":true,"href":"https:\/\/actualidad.codere.com\/it\/wp-json\/wp\/v2\/categories?post=8773"},{"taxonomy":"post_tag","embeddable":true,"href":"https:\/\/actualidad.codere.com\/it\/wp-json\/wp\/v2\/tags?post=8773"}],"curies":[{"name":"wp","href":"https:\/\/api.w.org\/{rel}","templated":true}]}}