{"id":8826,"date":"2022-09-19T09:46:55","date_gmt":"2022-09-19T09:46:55","guid":{"rendered":"https:\/\/actualidad.codere.com\/2022\/09\/19\/editorial-26-de-septiembre\/"},"modified":"2023-04-12T12:56:32","modified_gmt":"2023-04-12T12:56:32","slug":"editorial-26-de-septiembre","status":"publish","type":"post","link":"https:\/\/actualidad.codere.com\/it\/2022\/09\/19\/editorial-26-de-septiembre\/","title":{"rendered":"Editoriale 22 settembre"},"content":{"rendered":"<p><\/p>\n<p style=\"text-align: justify;\"><img fetchpriority=\"high\" decoding=\"async\" class=\"alignright wp-image-23125\" src=\"https:\/\/actualidad.codere.com\/wp-content\/uploads\/2023\/04\/AR-AGS-1.png\" alt=\"\" width=\"300\" height=\"200\" data-wp-editing=\"1\" \/><\/p>\n<p style=\"text-align: justify;\">Iniziamo questo mese di settembre con la presentazione dei risultati di gruppo del secondo trimestre, che invitano ancora una volta all&#8217;ottimismo, mantenendo il percorso di ripresa del nostro business con ricavi in \u200b\u200bcrescita dell&#8217;8,2% rispetto al trimestre precedente, fino a ai 317,7 M\u20ac.<\/p>\n<p style=\"text-align: justify;\"><!--more--><!--noteaser--><\/p>\n<p style=\"text-align: justify;\">Cari tutti,<\/p>\n<p style=\"text-align: justify;\">Iniziamo questo mese di settembre con la presentazione dei risultati di gruppo del secondo trimestre, che invitano ancora una volta all&#8217;ottimismo, mantenendo il percorso di ripresa del nostro business con ricavi in \u200b\u200bcrescita dell&#8217;8,2% rispetto al trimestre precedente, fino a ai 317,7 M\u20ac. Abbiamo cos\u00ec raggiunto il 91% del fatturato pre covid, il che consolida la nostra aspettativa di poter arrivare \u00a0alla completa normalizzazione operativa post pandemia entro la fine dell&#8217;anno.<\/p>\n<p style=\"text-align: justify;\">La ripresa in questo trimestre \u00e8 stata guidata dall&#8217;Argentina. L&#8217;unit\u00e0 messicana ha risentito della lenta ripresa macro di questo mercato, oltre che di maggiori restrizioni sui tabacchi e promozioni commerciali; mentre in Spagna abbiamo avuto un impatto negativo sui risultati locali principalmente nelle competizioni sportive a causa della vittoria del Real Madrid in Champions League, che ha ridotto la percentuale di trattenute delle scommesse, insieme ad un minor numero di eventi sportivi a fine trimestre.<\/p>\n<p style=\"text-align: justify;\">Siamo molto soddisfatti anche dei risultati del nostro business<em> online<\/em>, con un fatturato del 36% in pi\u00f9 rispetto al secondo trimestre dell&#8217;anno precedente, sostenuto dal Messico (che ha quasi raddoppiato il dato del 2021) e dalla buona performance della Spagna (con un aumento su base annua del 12% nonostante le recenti restrizioni alle attivit\u00e0 di marketing).<\/p>\n<p style=\"text-align: justify;\">Come nella maggior parte dei settori, abbiamo notato un certo impatto sul nostro conto economico a causa dell&#8217;attuale situazione macroeconomica, dell&#8217;aumento dell&#8217;inflazione e dell&#8217;aumento dei prezzi, in particolare dell&#8217;energia. La minaccia di recessione che incombe su Europa e Stati Uniti, con inevitabili conseguenze per il Messico, cos\u00ec come in altri contesti, ci mette in allerta per monitorare da vicino l&#8217;evoluzione dei mercati. Dobbiamo quindi essere prudenti nelle spese e negli investimenti, concentrando gli sforzi sui progetti pi\u00f9 redditizi.<\/p>\n<p style=\"text-align: justify;\">Nel frattempo, continuiamo a lavorare incessantemente sull&#8217;esecuzione del nostro piano di espansione digitale. In questi giorni celebriamo Codere Online che ha ottenuto la pre-assegnazione di una delle dieci licenze per poter operare nella Provincia di Cordova, la seconda pi\u00f9 popolosa dell&#8217;Argentina. Ci congratuliamo con i team coinvolti in questo importante tappa, che rappresenta la prima fase importante per l&#8217;aggiudicazione finale che dovrebbe avvenire entro la fine di ottobre.<\/p>\n<p style=\"text-align: justify;\">Abbiamo anche raggiunto un traguardo importante diventando <em>main sponsor<\/em> del Club Atl\u00e9tico River Plate, rafforzando il rapporto che abbiamo con la squadra da luglio 2021. Ci\u00f2 ha portato il \u00a0nostro logo ad apparire sul petto della maglia della squadra e ad essere molto pi\u00f9 vicino ai suoi milioni di follower, favorendo cos\u00ec la visibilit\u00e0 del nostro marchio e dei suoi valori, associati gi\u00e0 a quelli delle principali societ\u00e0 sportive delle regioni in cui operiamo.<\/p>\n<p style=\"text-align: justify;\">E continuiamo a migliorare il nostro business con l&#8217;implementazione di varie azioni, come la digitalizzazione e l&#8217;ottimizzazione della nostra attivit\u00e0 commerciale in Spagna, la riprogettazione del nostro sistema di fidelizzazione e relazione, l&#8217;implementazione del nostro programma di eccellenza operativa, lo sviluppo della nostra leadership nella gestione dei clienti e delle funzionalit\u00e0 di CRM e l&#8217;evoluzione della nostra offerta omnicanale.<\/p>\n<p style=\"text-align: justify;\">Continuiamo inoltre a lavorare a stretto contatto con i membri del Consiglio sul nostro nuovo business plan, valutando le diverse opportunit\u00e0 di crescita e grado di ambizione per ciascuna di esse.<\/p>\n<p style=\"text-align: justify;\">Infine, il nostro ringraziamento a tutti voi, per aver reso possibile, ognuno dalla sua posizione lavorativa, che questa transizione fosse cos\u00ec fluida ed agevole.<\/p>\n<p style=\"text-align: justify;\">Un saluto cordiale,<\/p>\n<p style=\"text-align: right;\"><strong>Alejandro Rodino e Alberto Gonz\u00e1lez del Solar<\/strong><\/p>\n<p style=\"text-align: right;\">Co-CEOs del Gruppo Codere<\/p>\n<p style=\"text-align: right;\">(22 settembre 2022)<\/p>\n<p><\/p>","protected":false},"excerpt":{"rendered":"<p>Ci spiace, ma questo articolo \u00e8 disponibile soltanto in Espa\u00f1ol.<\/p>\n","protected":false},"author":1,"featured_media":8827,"comment_status":"open","ping_status":"open","sticky":false,"template":"","format":"standard","meta":{"footnotes":""},"categories":[2],"tags":[],"class_list":["post-8826","post","type-post","status-publish","format-standard","has-post-thumbnail","hentry","category-desde-presidencia"],"_links":{"self":[{"href":"https:\/\/actualidad.codere.com\/it\/wp-json\/wp\/v2\/posts\/8826","targetHints":{"allow":["GET"]}}],"collection":[{"href":"https:\/\/actualidad.codere.com\/it\/wp-json\/wp\/v2\/posts"}],"about":[{"href":"https:\/\/actualidad.codere.com\/it\/wp-json\/wp\/v2\/types\/post"}],"author":[{"embeddable":true,"href":"https:\/\/actualidad.codere.com\/it\/wp-json\/wp\/v2\/users\/1"}],"replies":[{"embeddable":true,"href":"https:\/\/actualidad.codere.com\/it\/wp-json\/wp\/v2\/comments?post=8826"}],"version-history":[{"count":1,"href":"https:\/\/actualidad.codere.com\/it\/wp-json\/wp\/v2\/posts\/8826\/revisions"}],"predecessor-version":[{"id":8828,"href":"https:\/\/actualidad.codere.com\/it\/wp-json\/wp\/v2\/posts\/8826\/revisions\/8828"}],"wp:featuredmedia":[{"embeddable":true,"href":"https:\/\/actualidad.codere.com\/it\/wp-json\/wp\/v2\/media\/8827"}],"wp:attachment":[{"href":"https:\/\/actualidad.codere.com\/it\/wp-json\/wp\/v2\/media?parent=8826"}],"wp:term":[{"taxonomy":"category","embeddable":true,"href":"https:\/\/actualidad.codere.com\/it\/wp-json\/wp\/v2\/categories?post=8826"},{"taxonomy":"post_tag","embeddable":true,"href":"https:\/\/actualidad.codere.com\/it\/wp-json\/wp\/v2\/tags?post=8826"}],"curies":[{"name":"wp","href":"https:\/\/api.w.org\/{rel}","templated":true}]}}