{"id":8913,"date":"2022-12-20T07:55:06","date_gmt":"2022-12-20T07:55:06","guid":{"rendered":"https:\/\/actualidad.codere.com\/2022\/12\/20\/editorial-20-de-diciembre\/"},"modified":"2023-04-12T12:57:10","modified_gmt":"2023-04-12T12:57:10","slug":"editorial-20-de-diciembre","status":"publish","type":"post","link":"https:\/\/actualidad.codere.com\/it\/2022\/12\/20\/editorial-20-de-diciembre\/","title":{"rendered":"Editoriale 20 dicembre"},"content":{"rendered":"<p><\/p>\n<p style=\"text-align: justify;\"><img fetchpriority=\"high\" decoding=\"async\" class=\"alignright wp-image-23125\" src=\"https:\/\/actualidad.codere.com\/wp-content\/uploads\/2023\/04\/AR-AGS-4.jpg\" alt=\"\" width=\"300\" height=\"200\" data-wp-editing=\"1\" \/><\/p>\n<p style=\"text-align: justify;\">Le feste di fine anno e il Natale sono per molti, noi compresi, un momento unico dell&#8217;anno, per il loro valore speciale non solo di riposo e di incontro con chi ci \u00e8 pi\u00f9 vicino; ma anche per fare un bilancio, una riflessione e fissare nuovi traguardi.<\/p>\n<p style=\"text-align: justify;\"><!--more--><!--noteaser--><\/p>\n<p style=\"text-align: justify;\">Cari tutti,<\/p>\n<p style=\"text-align: justify;\">Le feste di fine anno e il Natale sono per molti, noi compresi, un momento unico dell&#8217;anno, per il loro valore speciale non solo di riposo e di incontro con chi ci \u00e8 pi\u00f9 vicino; ma anche per fare un bilancio, una riflessione e fissare nuovi traguardi.<\/p>\n<p style=\"text-align: justify;\">L&#8217;anno che tra pochi giorni ci lasceremo alle spalle, \u00e8 stato fondamentale per la nostra azienda. Il primo anno della nostra Nuova Codere; quello che mantiene l&#8217;essenza dei nostri oltre quarant&#8217;anni di storia, ma con una struttura rinnovata, che ci permette di guardare con fiducia al futuro.<\/p>\n<p style=\"text-align: justify;\">E\u2019 anche l&#8217;anno del consolidamento della nostra ripresa dopo la pandemia, dal momento che abbiamo saputo mantenere il nostro business nonostante le circostanze e che tutti i nostri mercati stanno crescendo, tornando ai livelli del 2019; Nel frattempo, tra il nuovo Consiglio e un consolidato team di gestione, abbiamo definito il nostro piano per lo sviluppo futuro del gruppo.<\/p>\n<p style=\"text-align: justify;\">Siamo cresciuti, soprattutto nel nostro business online; abbiamo compiuto progressi relativamente al nostro marchio, posizionandolo tra i pi\u00f9 apprezzati in alcune delle nostre aree e abbiamo intensificato la nostra partnership con le migliori squadre, come Rayados de Monterrey, il River Plate o il Real Madrid C.F.<\/p>\n<p style=\"text-align: justify;\">Ma il team pi\u00f9 importante che abbiamo, quello che \u00e8 davvero fondamentale per la soddisfazione di aver chiuso un anno dopo aver raggiunto molti dei nostri obiettivi, \u00e8 quello composto da noi che ogni giorno mettiamo la nostra volont\u00e0 in questo progetto comune che \u00e8 la nostra azienda. Codere non \u00e8 n\u00e8 pi\u00f9, n\u00e8 meno, che la somma del contributo di ciascuno di noi.<\/p>\n<p style=\"text-align: justify;\">Grazie a tutti per la vostra professionalit\u00e0. Per la vostra fiducia e il vostro impegno, che sono reciproci.<\/p>\n<p style=\"text-align: justify;\">Insieme abbiamo saputo affrontare con successo, negli ultimi tempi, prove importanti; e insieme, affronteremo quelle che ci attendono, poich\u00e9 la situazione globale presenta nuove sfide e nel nuovo anno continueranno ad accompagnarci le necessarie misure di contenimento per rafforzare la nostra ripresa.<\/p>\n<p style=\"text-align: justify;\">Godiamoci quindi i nostri progressi; e recuperiamo le forze in questi giorni per continuare a lavorare, uniti e con tutto il nostro potenziale, in questo 2023, per portare la migliore esperienza di gioco responsabile ai nostri clienti e consolidare l&#8217;impegno nei confronti dei nostri reforzar el compromiso con los nuestros.<\/p>\n<p style=\"text-align: justify;\">FELICE NATALE E FELICE ANNO NUOVO!<\/p>\n<p style=\"text-align: right;\"><strong>Alejandro Rodino e Alberto Gonz\u00e1lez del Solar<\/strong><\/p>\n<p style=\"text-align: right;\">Co-CEOs del Gruppo Codere<\/p>\n<p style=\"text-align: right;\">(20 dicembre 2022)<\/p>\n<p><\/p>","protected":false},"excerpt":{"rendered":"<p>Ci spiace, ma questo articolo \u00e8 disponibile soltanto in Espa\u00f1ol.<\/p>\n","protected":false},"author":1,"featured_media":8914,"comment_status":"open","ping_status":"open","sticky":false,"template":"","format":"standard","meta":{"footnotes":""},"categories":[2],"tags":[],"class_list":["post-8913","post","type-post","status-publish","format-standard","has-post-thumbnail","hentry","category-desde-presidencia"],"_links":{"self":[{"href":"https:\/\/actualidad.codere.com\/it\/wp-json\/wp\/v2\/posts\/8913","targetHints":{"allow":["GET"]}}],"collection":[{"href":"https:\/\/actualidad.codere.com\/it\/wp-json\/wp\/v2\/posts"}],"about":[{"href":"https:\/\/actualidad.codere.com\/it\/wp-json\/wp\/v2\/types\/post"}],"author":[{"embeddable":true,"href":"https:\/\/actualidad.codere.com\/it\/wp-json\/wp\/v2\/users\/1"}],"replies":[{"embeddable":true,"href":"https:\/\/actualidad.codere.com\/it\/wp-json\/wp\/v2\/comments?post=8913"}],"version-history":[{"count":1,"href":"https:\/\/actualidad.codere.com\/it\/wp-json\/wp\/v2\/posts\/8913\/revisions"}],"predecessor-version":[{"id":8915,"href":"https:\/\/actualidad.codere.com\/it\/wp-json\/wp\/v2\/posts\/8913\/revisions\/8915"}],"wp:featuredmedia":[{"embeddable":true,"href":"https:\/\/actualidad.codere.com\/it\/wp-json\/wp\/v2\/media\/8914"}],"wp:attachment":[{"href":"https:\/\/actualidad.codere.com\/it\/wp-json\/wp\/v2\/media?parent=8913"}],"wp:term":[{"taxonomy":"category","embeddable":true,"href":"https:\/\/actualidad.codere.com\/it\/wp-json\/wp\/v2\/categories?post=8913"},{"taxonomy":"post_tag","embeddable":true,"href":"https:\/\/actualidad.codere.com\/it\/wp-json\/wp\/v2\/tags?post=8913"}],"curies":[{"name":"wp","href":"https:\/\/api.w.org\/{rel}","templated":true}]}}