{"id":9177,"date":"2023-07-10T10:00:17","date_gmt":"2023-07-10T08:00:17","guid":{"rendered":"https:\/\/actualidad.codere.com\/?p=9177"},"modified":"2023-07-11T09:11:45","modified_gmt":"2023-07-11T07:11:45","slug":"editorial-gonzaga-higuero-nuevo-ceo-de-grupo-codere","status":"publish","type":"post","link":"https:\/\/actualidad.codere.com\/it\/2023\/07\/10\/editorial-gonzaga-higuero-nuevo-ceo-de-grupo-codere\/","title":{"rendered":"Editoriale | Gonzaga Higuero, nuovo CEO del Gruppo Codere"},"content":{"rendered":"<p><\/p>\n<p style=\"text-align: justify;\"><img fetchpriority=\"high\" decoding=\"async\" class=\"alignright wp-image-9338\" src=\"https:\/\/actualidad.codere.com\/wp-content\/uploads\/2023\/06\/Editorial-2023-GH-2.jpg\" alt=\"\" width=\"300\" height=\"200\" \/><\/p>\n<p style=\"text-align: justify;\">Stimati colleghi,<\/p>\n<p style=\"text-align: justify;\">\u00c8 con grande entusiasmo che mi presento per informarvi della mia recente incorporazione come CEO in quella che considero un\u2019azienda di riferimento internazionale. Sono estremamente lieto di unirmi a questo progetto per guidarlo a lungo termine e lavorare insieme per la sostenibilit\u00e0 e la crescita del gruppo.<\/p>\n<p style=\"text-align: justify;\"><!--more--><!--noteaser--><\/p>\n<p style=\"text-align: justify;\">Stimati colleghi,<\/p>\n<p style=\"text-align: justify;\">\u00c8 con grande entusiasmo che mi presento per informarvi della mia recente incorporazione come CEO in quella che considero un\u2019azienda di riferimento internazionale. Sono estremamente lieto di unirmi a questo progetto per guidarlo a lungo termine e lavorare insieme per la sostenibilit\u00e0 e la crescita del gruppo.<\/p>\n<p style=\"text-align: justify;\">Sono orgoglioso che un&#8217;organizzazione come Codere confidi in me e assumo questa sfida con responsabilit\u00e0 e voglia di contribuire al buon lavoro che tutti voi state facendo da anni, cosa che ha reso l\u2019azienda il leader di mercato che \u00e8 oggi.<\/p>\n<p style=\"text-align: justify;\">Ora \u00e8 il momento di tornare alla redditivit\u00e0 e alla competitivit\u00e0 precedenti la pandemia e di iniziare una nuova fase di crescita. Per questo, abbiamo nuove iniziative e i migliori talenti, garanzie per continuare ad essere un punto di riferimento mondiale e offrire ai nostri clienti la migliore esperienza di gioco e di intrattenimento.<\/p>\n<p style=\"text-align: justify;\">L&#8217;azienda \u00e8 impegnata in un anno di profonda trasformazione e di grandi traguardi che porter\u00e0 Codere ad essere un esempio di gestione d\u2019impresa, rigore e governance. Questa nuova tappa viene affrontata con il massimo impegno e responsabilit\u00e0, e sono convinto che questa dinamica di lavoro ci porter\u00e0 al consolidamento del progetto nei paesi in cui operiamo e ad apportare valore agli azionisti.<\/p>\n<p style=\"text-align: justify;\">In qualit\u00e0 di nuovo CEO, il mio obiettivo principale \u00e8 promuovere un ambiente di lavoro in cui la collaborazione, la trasparenza e la comunicazione siano pilastri fondamentali. Un ambiente in cui ognuno possa sentirsi rispettato e valorizzato per dare il meglio di s\u00e9.<\/p>\n<p style=\"text-align: justify;\">Sono consapevole che gli ultimi tempi sono stati segnati dall&#8217;incertezza. Il recupero dopo una crisi richiede tempo, pazienza e impegno, e non prometto un cambiamento immediato, ma prometto la mia dedizione e il mio impegno per accelerare il nostro percorso di recupero. Pertanto, desidero esprimere la mia convinzione che, insieme, possiamo superare le sfide che ci attendono e costruire un futuro solido.<\/p>\n<p style=\"text-align: justify;\">Non voglio dilungarmi troppo perch\u00e9 sono sicuro che presto avremo occasione di conoscerci di persona, ma vorrei spendere qualche parola di ringraziamento per il lavoro svolto in questi mesi da Emilio Zaffignani come CEO ad<em> interim<\/em>. L&#8217;azienda apprezza molto il suo impegno e la sua dedizione in questo periodo di transizione e sono certo che, in qualit\u00e0 di senior advisor del Consiglio di amministrazione, continuer\u00e0 ad accompagnarci e supportarci per affrontare con successo le sfide che ci attendono.<\/p>\n<p style=\"text-align: justify;\">Senza aggiungere altro, ribadisco il mio entusiasmo per far parte della famiglia Codere. Sono qui per sostenere i nostri obiettivi e guidare l\u2019azienda con integrit\u00e0 e onest\u00e0. Vi ringrazio in anticipo per il vostro impegno e supporto; e vi invito ad avere fiducia in me e a presentarvi quando ne avrete l&#8217;opportunit\u00e0. Sono sicuro che sar\u00e0 molto utile ascoltare le vostre idee, preoccupazioni e suggerimenti, dal momento che ognuno di voi \u00e8 una parte vitale di questa azienda.<\/p>\n<p style=\"text-align: justify;\">Cordialmente,<\/p>\n<p style=\"text-align: right;\">Gonzaga Higuero<\/p>\n<p style=\"text-align: right;\">CEO del Gruppo Codere<\/p>\n<p style=\"text-align: right;\">(11 luglio 2023)<\/p>\n<p><\/p>","protected":false},"excerpt":{"rendered":"<p>Ci spiace, ma questo articolo \u00e8 disponibile soltanto in Espa\u00f1ol.<\/p>\n","protected":false},"author":1,"featured_media":0,"comment_status":"closed","ping_status":"closed","sticky":false,"template":"","format":"standard","meta":{"footnotes":""},"categories":[2],"tags":[],"class_list":["post-9177","post","type-post","status-publish","format-standard","hentry","category-desde-presidencia"],"_links":{"self":[{"href":"https:\/\/actualidad.codere.com\/it\/wp-json\/wp\/v2\/posts\/9177","targetHints":{"allow":["GET"]}}],"collection":[{"href":"https:\/\/actualidad.codere.com\/it\/wp-json\/wp\/v2\/posts"}],"about":[{"href":"https:\/\/actualidad.codere.com\/it\/wp-json\/wp\/v2\/types\/post"}],"author":[{"embeddable":true,"href":"https:\/\/actualidad.codere.com\/it\/wp-json\/wp\/v2\/users\/1"}],"replies":[{"embeddable":true,"href":"https:\/\/actualidad.codere.com\/it\/wp-json\/wp\/v2\/comments?post=9177"}],"version-history":[{"count":14,"href":"https:\/\/actualidad.codere.com\/it\/wp-json\/wp\/v2\/posts\/9177\/revisions"}],"predecessor-version":[{"id":9350,"href":"https:\/\/actualidad.codere.com\/it\/wp-json\/wp\/v2\/posts\/9177\/revisions\/9350"}],"wp:attachment":[{"href":"https:\/\/actualidad.codere.com\/it\/wp-json\/wp\/v2\/media?parent=9177"}],"wp:term":[{"taxonomy":"category","embeddable":true,"href":"https:\/\/actualidad.codere.com\/it\/wp-json\/wp\/v2\/categories?post=9177"},{"taxonomy":"post_tag","embeddable":true,"href":"https:\/\/actualidad.codere.com\/it\/wp-json\/wp\/v2\/tags?post=9177"}],"curies":[{"name":"wp","href":"https:\/\/api.w.org\/{rel}","templated":true}]}}